{"id":9858,"date":"2024-05-15T00:52:30","date_gmt":"2024-05-14T22:52:30","guid":{"rendered":"https:\/\/www.scv-jugend.de\/?p=9858"},"modified":"2024-05-15T00:52:31","modified_gmt":"2024-05-14T22:52:31","slug":"erfolge-auf-ganzer-linie-eine-sensation-unserer-u8","status":"publish","type":"post","link":"https:\/\/www.scv-jugend.de\/?p=9858","title":{"rendered":"Erfolge auf ganzer Linie &#038; eine Sensation unserer U8"},"content":{"rendered":"\n<p>Am Wochenende vom 5. Mai waren knapp 15 Kinder unseres Schachclubs an verschiedenen Turnieren und tollen Erfolgen beteiligt. <\/p>\n\n\n\n<p>Auf dem Kinder-Team Cup &#8211; einem 3er Team-Format im Schnellschach &#8211; waren wir mit den folgenden 3 Teams vertreten:<\/p>\n\n\n\n<p>U12 &#8211; SC-VG Tieger<\/p>\n\n\n\n<p>U10 &#8211; SC-VG Leoparden<\/p>\n\n\n\n<p>U8 &#8211; SC-VG Luchse<\/p>\n\n\n\n<p>Die U10 erspielte sich mit Sophie, Anxin und Luca einen guten 8. Platz von 17 Teams und war im letzten Spiel sogar ganz nah an dem Pokal f\u00fcr die beste U10 Mannschaft dran. Die U12 mit Phillipp, Poldi und \u00d6yk\u00fc erreichte einen \u00fcberragenden 3. Platz in der Gesamtwertung &#8211; mit 5 Siegen, einem Unentschieden und nur einer Niederlage. <\/p>\n\n\n\n<p>Regelrecht sensationell spielte mit dem 2. Platz in der Gesamtwertung unsere U8 um Oscar, David, Aaron und Jonatan und konnte dabei sogar als einziges Team den Gesamtturniersieger schlagen.<\/p>\n\n\n\n<figure class=\"wp-block-image size-large\"><img loading=\"lazy\" decoding=\"async\" width=\"1024\" height=\"1012\" src=\"https:\/\/www.scv-jugend.de\/wp-content\/uploads\/Siegerehrung-1024x1012.jpg\" alt=\"\" class=\"wp-image-9859\" srcset=\"https:\/\/www.scv-jugend.de\/wp-content\/uploads\/Siegerehrung-1024x1012.jpg 1024w, https:\/\/www.scv-jugend.de\/wp-content\/uploads\/Siegerehrung-300x296.jpg 300w, https:\/\/www.scv-jugend.de\/wp-content\/uploads\/Siegerehrung-940x929.jpg 940w, https:\/\/www.scv-jugend.de\/wp-content\/uploads\/Siegerehrung.jpg 1081w\" sizes=\"auto, (max-width: 1024px) 100vw, 1024px\" \/><\/figure>\n\n\n\n<p>In Summe waren dies \u00fcberragende Erfolge &#8211; nochmals mehr, nachdem wir mit Anh und Henry zwei Spieler an die U20 Mannschaftsmeisterschaften abgestellt haben und Vlad die M\u00fcnchner Einzel-Blitzmeisterschaften gespielt hat &#8211; dazu aber sp\u00e4ter mehr.<\/p>\n\n\n\n<figure class=\"wp-block-image size-large\"><img loading=\"lazy\" decoding=\"async\" width=\"1024\" height=\"768\" src=\"https:\/\/www.scv-jugend.de\/wp-content\/uploads\/Ansicht-II-1024x768.jpg\" alt=\"\" class=\"wp-image-9860\" srcset=\"https:\/\/www.scv-jugend.de\/wp-content\/uploads\/Ansicht-II-1024x768.jpg 1024w, https:\/\/www.scv-jugend.de\/wp-content\/uploads\/Ansicht-II-300x225.jpg 300w, https:\/\/www.scv-jugend.de\/wp-content\/uploads\/Ansicht-II-1536x1152.jpg 1536w, https:\/\/www.scv-jugend.de\/wp-content\/uploads\/Ansicht-II-940x705.jpg 940w, https:\/\/www.scv-jugend.de\/wp-content\/uploads\/Ansicht-II.jpg 1600w\" sizes=\"auto, (max-width: 1024px) 100vw, 1024px\" \/><\/figure>\n\n\n\n<figure class=\"wp-block-image size-large\"><img loading=\"lazy\" decoding=\"async\" width=\"1024\" height=\"810\" src=\"https:\/\/www.scv-jugend.de\/wp-content\/uploads\/IMG_4249-1-1024x810.jpg\" alt=\"\" class=\"wp-image-9861\" srcset=\"https:\/\/www.scv-jugend.de\/wp-content\/uploads\/IMG_4249-1-1024x810.jpg 1024w, https:\/\/www.scv-jugend.de\/wp-content\/uploads\/IMG_4249-1-300x237.jpg 300w, https:\/\/www.scv-jugend.de\/wp-content\/uploads\/IMG_4249-1-940x744.jpg 940w, https:\/\/www.scv-jugend.de\/wp-content\/uploads\/IMG_4249-1.jpg 1140w\" sizes=\"auto, (max-width: 1024px) 100vw, 1024px\" \/><\/figure>\n\n\n\n<p>Die Erfolge in dem Teamturnier wurde durch den 2. Platz von Vlad bei den M\u00fcnchner Blitz-Meisterschaften in der U12 sehr sch\u00f6n abgerundet und veredelt &#8211; ein weiter sehr gro\u00dfer Erfolg der mit der Teilnahme an den Bayrischen Meisterschaften belohnt wird.<\/p>\n\n\n\n<figure class=\"wp-block-image size-large\"><img loading=\"lazy\" decoding=\"async\" width=\"768\" height=\"1024\" src=\"https:\/\/www.scv-jugend.de\/wp-content\/uploads\/Vlad-768x1024.jpg\" alt=\"\" class=\"wp-image-9862\" srcset=\"https:\/\/www.scv-jugend.de\/wp-content\/uploads\/Vlad-768x1024.jpg 768w, https:\/\/www.scv-jugend.de\/wp-content\/uploads\/Vlad-225x300.jpg 225w, https:\/\/www.scv-jugend.de\/wp-content\/uploads\/Vlad-1152x1536.jpg 1152w, https:\/\/www.scv-jugend.de\/wp-content\/uploads\/Vlad-940x1253.jpg 940w, https:\/\/www.scv-jugend.de\/wp-content\/uploads\/Vlad.jpg 1200w\" sizes=\"auto, (max-width: 768px) 100vw, 768px\" \/><\/figure>\n\n\n\n<p>Herzlichen Gl\u00fcckwunsch nochmals an alle und vielen Dank an alle beteiligten Eltern. Wiedermal ein sehr \u00fcberzeugender Auftritt unserer Kinder und eine tolle Werbung f\u00fcr unseren Verein.<\/p>\n\n\n\n<p><\/p>\n\n\n\n<p>Besten Dank und wir freuen uns auf die n\u00e4chsten Veranstaltungen und Turniere.<\/p>\n\n\n\n<p>Andreas Falck<\/p>\n\n\n\n<p>2.ter Vorsitzender <\/p>\n","protected":false},"excerpt":{"rendered":"<p>Am Wochenende vom 5. Mai waren knapp 15 Kinder unseres Schachclubs an verschiedenen Turnieren und tollen Erfolgen beteiligt. Auf dem Kinder-Team Cup &#8211; einem 3er Team-Format im Schnellschach &#8211; waren wir mit den folgenden 3 Teams vertreten: U12 &#8211; SC-VG &#8230; <a class=\"more-link\" href=\"https:\/\/www.scv-jugend.de\/?p=9858\">Read More &raquo;<\/a><\/p>\n","protected":false},"author":60,"featured_media":0,"comment_status":"closed","ping_status":"closed","sticky":false,"template":"","format":"standard","meta":{"footnotes":""},"categories":[],"tags":[],"class_list":["post-9858","post","type-post","status-publish","format-standard","hentry"],"_links":{"self":[{"href":"https:\/\/www.scv-jugend.de\/index.php?rest_route=\/wp\/v2\/posts\/9858","targetHints":{"allow":["GET"]}}],"collection":[{"href":"https:\/\/www.scv-jugend.de\/index.php?rest_route=\/wp\/v2\/posts"}],"about":[{"href":"https:\/\/www.scv-jugend.de\/index.php?rest_route=\/wp\/v2\/types\/post"}],"author":[{"embeddable":true,"href":"https:\/\/www.scv-jugend.de\/index.php?rest_route=\/wp\/v2\/users\/60"}],"replies":[{"embeddable":true,"href":"https:\/\/www.scv-jugend.de\/index.php?rest_route=%2Fwp%2Fv2%2Fcomments&post=9858"}],"version-history":[{"count":2,"href":"https:\/\/www.scv-jugend.de\/index.php?rest_route=\/wp\/v2\/posts\/9858\/revisions"}],"predecessor-version":[{"id":9864,"href":"https:\/\/www.scv-jugend.de\/index.php?rest_route=\/wp\/v2\/posts\/9858\/revisions\/9864"}],"wp:attachment":[{"href":"https:\/\/www.scv-jugend.de\/index.php?rest_route=%2Fwp%2Fv2%2Fmedia&parent=9858"}],"wp:term":[{"taxonomy":"category","embeddable":true,"href":"https:\/\/www.scv-jugend.de\/index.php?rest_route=%2Fwp%2Fv2%2Fcategories&post=9858"},{"taxonomy":"post_tag","embeddable":true,"href":"https:\/\/www.scv-jugend.de\/index.php?rest_route=%2Fwp%2Fv2%2Ftags&post=9858"}],"curies":[{"name":"wp","href":"https:\/\/api.w.org\/{rel}","templated":true}]}}