{"id":9792,"date":"2024-03-31T02:16:27","date_gmt":"2024-03-31T00:16:27","guid":{"rendered":"https:\/\/www.scv-jugend.de\/?p=9792"},"modified":"2024-03-31T22:25:36","modified_gmt":"2024-03-31T20:25:36","slug":"jede-menge-spass-5-pokale-auf-den-jugend-schnellschach-open-in-deisenhofen","status":"publish","type":"post","link":"https:\/\/www.scv-jugend.de\/?p=9792","title":{"rendered":"Jede Menge Spass &#038; 5 Pokale auf den Jugend Schnellschach-Open in Deisenhofen"},"content":{"rendered":"\n<p>Bei besten Wetter fand am Samstag den 23.3.3024 im M\u00fcnchner Westen das traditionelle und sehr gut besuchte Jugend-Schnellschach Turnier mit knapp 200 Teilnehmern statt.<\/p>\n\n\n\n<figure class=\"wp-block-image size-large\"><img loading=\"lazy\" decoding=\"async\" width=\"768\" height=\"1024\" src=\"https:\/\/www.scv-jugend.de\/wp-content\/uploads\/IMG_3167-768x1024.jpg\" alt=\"\" class=\"wp-image-9793\" srcset=\"https:\/\/www.scv-jugend.de\/wp-content\/uploads\/IMG_3167-768x1024.jpg 768w, https:\/\/www.scv-jugend.de\/wp-content\/uploads\/IMG_3167-225x300.jpg 225w, https:\/\/www.scv-jugend.de\/wp-content\/uploads\/IMG_3167-1152x1536.jpg 1152w, https:\/\/www.scv-jugend.de\/wp-content\/uploads\/IMG_3167-940x1253.jpg 940w, https:\/\/www.scv-jugend.de\/wp-content\/uploads\/IMG_3167-rotated.jpg 1512w\" sizes=\"auto, (max-width: 768px) 100vw, 768px\" \/><\/figure>\n\n\n\n<p>Unser Schachclub start in den verschiedenen Alterskategorien von der U8 bis U16 mit insgesamt 11 Kindern an &#8211; wiedermal ein Zeichen f\u00fcr eine sehr sch\u00f6ne Entwicklung im Verein. Allein die Anmeldung war eine Herausforderung &#8211; der sich die Eltern und Trainer aber nat\u00fcrlich gern gestellt haben.<\/p>\n\n\n\n<p>Der Spass kam auf dem Turnier sicherlich nicht zu kurz &#8211; beim Warmmachen und auch vor den ersten Spielen.<\/p>\n\n\n\n<figure class=\"wp-block-gallery has-nested-images columns-default is-cropped wp-block-gallery-1 is-layout-flex wp-block-gallery-is-layout-flex\">\n<figure class=\"wp-block-image size-large\"><img loading=\"lazy\" decoding=\"async\" width=\"768\" height=\"1024\" data-id=\"9795\" src=\"https:\/\/www.scv-jugend.de\/wp-content\/uploads\/IMG_3160-768x1024.jpg\" alt=\"\" class=\"wp-image-9795\" srcset=\"https:\/\/www.scv-jugend.de\/wp-content\/uploads\/IMG_3160-768x1024.jpg 768w, https:\/\/www.scv-jugend.de\/wp-content\/uploads\/IMG_3160-225x300.jpg 225w, https:\/\/www.scv-jugend.de\/wp-content\/uploads\/IMG_3160-1152x1536.jpg 1152w, https:\/\/www.scv-jugend.de\/wp-content\/uploads\/IMG_3160-940x1253.jpg 940w, https:\/\/www.scv-jugend.de\/wp-content\/uploads\/IMG_3160-rotated.jpg 1512w\" sizes=\"auto, (max-width: 768px) 100vw, 768px\" \/><\/figure>\n\n\n\n<figure class=\"wp-block-image size-large\"><img loading=\"lazy\" decoding=\"async\" width=\"1024\" height=\"768\" data-id=\"9794\" src=\"https:\/\/www.scv-jugend.de\/wp-content\/uploads\/IMG_3175-1024x768.jpg\" alt=\"\" class=\"wp-image-9794\" srcset=\"https:\/\/www.scv-jugend.de\/wp-content\/uploads\/IMG_3175-1024x768.jpg 1024w, https:\/\/www.scv-jugend.de\/wp-content\/uploads\/IMG_3175-300x225.jpg 300w, https:\/\/www.scv-jugend.de\/wp-content\/uploads\/IMG_3175-1536x1152.jpg 1536w, https:\/\/www.scv-jugend.de\/wp-content\/uploads\/IMG_3175-940x705.jpg 940w, https:\/\/www.scv-jugend.de\/wp-content\/uploads\/IMG_3175.jpg 2016w\" sizes=\"auto, (max-width: 1024px) 100vw, 1024px\" \/><\/figure>\n<\/figure>\n\n\n\n<p>Die 7 Runden a 20 Minuten waren sicherlich eine gro\u00dfe Herausforderung f\u00fcr unsere Kinder, die am Ende mit jeder Menge toller Spiele, guter Ergebnisse und sogar 5 Pokalen belohnt wurde. Aber auch alle ohne Pokal waren Sieger &#8211; entweder weil sie nach Niederlagen nochmals start zur\u00fcckgekommen sind, einfach durchgehalten haben oder eben sogar richtig gute Resultate erspielt haben.<\/p>\n\n\n\n<p>Von den Ergebnissen sind sicherlich unsere U8 und unsere starken M\u00e4dchen besonders hervorzuheben &#8211; aber wie gesagt waren alle Kinder wunderbar.<\/p>\n\n\n\n<p>In der U8 war erstaunlich, dass wir in der letzten Runde mit je einem Spieler an Tisch 1 und an Tisch 2 vertreten waren und so gegen den aktuellen U8 bayrischen Meister lernen durften.<\/p>\n\n\n\n<figure class=\"wp-block-image size-large\"><img loading=\"lazy\" decoding=\"async\" width=\"768\" height=\"1024\" src=\"https:\/\/www.scv-jugend.de\/wp-content\/uploads\/IMG_3183-768x1024.jpg\" alt=\"\" class=\"wp-image-9796\" srcset=\"https:\/\/www.scv-jugend.de\/wp-content\/uploads\/IMG_3183-768x1024.jpg 768w, https:\/\/www.scv-jugend.de\/wp-content\/uploads\/IMG_3183-225x300.jpg 225w, https:\/\/www.scv-jugend.de\/wp-content\/uploads\/IMG_3183-1152x1536.jpg 1152w, https:\/\/www.scv-jugend.de\/wp-content\/uploads\/IMG_3183-940x1253.jpg 940w, https:\/\/www.scv-jugend.de\/wp-content\/uploads\/IMG_3183-rotated.jpg 1512w\" sizes=\"auto, (max-width: 768px) 100vw, 768px\" \/><figcaption class=\"wp-element-caption\">Aaron Idris Falck &amp; Oscar Zhong (letzte Runde)<\/figcaption><\/figure>\n\n\n\n<p>Am Ende waren alle vier unserer Kinder in der Kategorie richtig stark &#8211; mit folgenden Pl\u00e4tzen von 48 Teilnehmern:<\/p>\n\n\n\n<ul class=\"wp-block-list\">\n<li>3. Oscar Zhong (5 von 7)<\/li>\n\n\n\n<li>5. Aaron Idris Falck (5 von 7)<\/li>\n\n\n\n<li>12. Platz David Kovacs (4.5 von 7)<\/li>\n\n\n\n<li>23. Platz Benjamin Karl (3.5 von 7)<\/li>\n<\/ul>\n\n\n\n<figure class=\"wp-block-image size-large\"><img loading=\"lazy\" decoding=\"async\" width=\"768\" height=\"1024\" src=\"https:\/\/www.scv-jugend.de\/wp-content\/uploads\/IMG_3196-1-768x1024.jpg\" alt=\"\" class=\"wp-image-9799\" srcset=\"https:\/\/www.scv-jugend.de\/wp-content\/uploads\/IMG_3196-1-768x1024.jpg 768w, https:\/\/www.scv-jugend.de\/wp-content\/uploads\/IMG_3196-1-225x300.jpg 225w, https:\/\/www.scv-jugend.de\/wp-content\/uploads\/IMG_3196-1-1152x1536.jpg 1152w, https:\/\/www.scv-jugend.de\/wp-content\/uploads\/IMG_3196-1-940x1253.jpg 940w, https:\/\/www.scv-jugend.de\/wp-content\/uploads\/IMG_3196-1-rotated.jpg 1512w\" sizes=\"auto, (max-width: 768px) 100vw, 768px\" \/><\/figure>\n\n\n\n<p>In der U10 \u00fcberzeugte vor allem Anh Tran mit einem starken 3. Platz in der Gesamtwertung und 5.5 von 7 Punkten. Daneben durfte sich am Ende sogar noch Aliyah Falck &#8211; nach 2 sehr nerv\u00f6sen Niederlagen zu Beginn &#8211; \u00fcber einen Pokal als drittbestes M\u00e4dchen freuen (4:3). Auch Anxin Shao (4:3) sowie Luca Ressler und Alexander Kurochkin haben sich toll in dem Turnier geschlagen.<\/p>\n\n\n\n<figure class=\"wp-block-image size-large\"><img loading=\"lazy\" decoding=\"async\" width=\"1024\" height=\"768\" src=\"https:\/\/www.scv-jugend.de\/wp-content\/uploads\/IMG_3201-1024x768.jpg\" alt=\"\" class=\"wp-image-9800\" srcset=\"https:\/\/www.scv-jugend.de\/wp-content\/uploads\/IMG_3201-1024x768.jpg 1024w, https:\/\/www.scv-jugend.de\/wp-content\/uploads\/IMG_3201-300x225.jpg 300w, https:\/\/www.scv-jugend.de\/wp-content\/uploads\/IMG_3201-1536x1152.jpg 1536w, https:\/\/www.scv-jugend.de\/wp-content\/uploads\/IMG_3201-940x705.jpg 940w, https:\/\/www.scv-jugend.de\/wp-content\/uploads\/IMG_3201.jpg 2016w\" sizes=\"auto, (max-width: 1024px) 100vw, 1024px\" \/><\/figure>\n\n\n\n<p>Daneben spielte \u00d6yk\u00fc mit 4 aus 7 ein gutes Turnier in der U12 &#8211; und Ngoc Tran konnte in der U16 Kategorie den M\u00e4dchenpokal erringen &#8211; aber nat\u00fcrlich auch viel lernen und mitnehmen auf einem stark besetzten Turnier.<\/p>\n\n\n\n<figure class=\"wp-block-image size-large\"><img loading=\"lazy\" decoding=\"async\" width=\"768\" height=\"1024\" src=\"https:\/\/www.scv-jugend.de\/wp-content\/uploads\/WhatsApp-Image-2024-03-31-at-10.32.24-768x1024.jpeg\" alt=\"\" class=\"wp-image-9804\" srcset=\"https:\/\/www.scv-jugend.de\/wp-content\/uploads\/WhatsApp-Image-2024-03-31-at-10.32.24-768x1024.jpeg 768w, https:\/\/www.scv-jugend.de\/wp-content\/uploads\/WhatsApp-Image-2024-03-31-at-10.32.24-225x300.jpeg 225w, https:\/\/www.scv-jugend.de\/wp-content\/uploads\/WhatsApp-Image-2024-03-31-at-10.32.24-1152x1536.jpeg 1152w, https:\/\/www.scv-jugend.de\/wp-content\/uploads\/WhatsApp-Image-2024-03-31-at-10.32.24-940x1253.jpeg 940w, https:\/\/www.scv-jugend.de\/wp-content\/uploads\/WhatsApp-Image-2024-03-31-at-10.32.24.jpeg 1536w\" sizes=\"auto, (max-width: 768px) 100vw, 768px\" \/><\/figure>\n\n\n\n<p>Nochmals vielen Dank an alle Eltern, dass ihr dieses Erlebnis m\u00f6glich gemacht habt und wir freuen uns auf die kommenden Turniere und werden Deisenhofen in guter Erinnerung behalten.<\/p>\n\n\n\n<p>\u00dcberblick Ergebnisse:<\/p>\n\n\n\n<p><a href=\"http:\/\/www.schachfreunde-deisenhofen.de\/index.php?option=com_content&amp;view=article&amp;id=973&amp;Itemid=613\">http:\/\/www.schachfreunde-deisenhofen.de\/index.php?option=com_content&amp;view=article&amp;id=973&amp;Itemid=613<\/a><\/p>\n\n\n\n<p><\/p>\n","protected":false},"excerpt":{"rendered":"<p>Bei besten Wetter fand am Samstag den 23.3.3024 im M\u00fcnchner Westen das traditionelle und sehr gut besuchte Jugend-Schnellschach Turnier mit knapp 200 Teilnehmern statt. Unser Schachclub start in den verschiedenen Alterskategorien von der U8 bis U16 mit insgesamt 11 Kindern &#8230; <a class=\"more-link\" href=\"https:\/\/www.scv-jugend.de\/?p=9792\">Read More &raquo;<\/a><\/p>\n","protected":false},"author":60,"featured_media":0,"comment_status":"closed","ping_status":"closed","sticky":false,"template":"","format":"standard","meta":{"footnotes":""},"categories":[],"tags":[],"class_list":["post-9792","post","type-post","status-publish","format-standard","hentry"],"_links":{"self":[{"href":"https:\/\/www.scv-jugend.de\/index.php?rest_route=\/wp\/v2\/posts\/9792","targetHints":{"allow":["GET"]}}],"collection":[{"href":"https:\/\/www.scv-jugend.de\/index.php?rest_route=\/wp\/v2\/posts"}],"about":[{"href":"https:\/\/www.scv-jugend.de\/index.php?rest_route=\/wp\/v2\/types\/post"}],"author":[{"embeddable":true,"href":"https:\/\/www.scv-jugend.de\/index.php?rest_route=\/wp\/v2\/users\/60"}],"replies":[{"embeddable":true,"href":"https:\/\/www.scv-jugend.de\/index.php?rest_route=%2Fwp%2Fv2%2Fcomments&post=9792"}],"version-history":[{"count":5,"href":"https:\/\/www.scv-jugend.de\/index.php?rest_route=\/wp\/v2\/posts\/9792\/revisions"}],"predecessor-version":[{"id":9805,"href":"https:\/\/www.scv-jugend.de\/index.php?rest_route=\/wp\/v2\/posts\/9792\/revisions\/9805"}],"wp:attachment":[{"href":"https:\/\/www.scv-jugend.de\/index.php?rest_route=%2Fwp%2Fv2%2Fmedia&parent=9792"}],"wp:term":[{"taxonomy":"category","embeddable":true,"href":"https:\/\/www.scv-jugend.de\/index.php?rest_route=%2Fwp%2Fv2%2Fcategories&post=9792"},{"taxonomy":"post_tag","embeddable":true,"href":"https:\/\/www.scv-jugend.de\/index.php?rest_route=%2Fwp%2Fv2%2Ftags&post=9792"}],"curies":[{"name":"wp","href":"https:\/\/api.w.org\/{rel}","templated":true}]}}