{"id":9686,"date":"2024-02-04T22:32:14","date_gmt":"2024-02-04T20:32:14","guid":{"rendered":"https:\/\/www.scv-jugend.de\/?p=9686"},"modified":"2024-02-05T10:00:48","modified_gmt":"2024-02-05T08:00:48","slug":"erfolge-bei-der-muenchner-schulschach-mannschaftsmeisterschaften-am-3-2-2024","status":"publish","type":"post","link":"https:\/\/www.scv-jugend.de\/?p=9686","title":{"rendered":"Erfolge bei der M\u00fcnchner Schulschach-Mannschaftsmeisterschaften am 3.2.2024"},"content":{"rendered":"\n<p>Bei dem Gro\u00df-Event in Garching hat unser Schachclub insgesamt sieben 4er-Schulteams aus der Schul-Schachinitiative durch Julian, Suhel und Andreas betreut. Die Teams traten in den beiden Turnier-Kategorien 1.\/2. Klasse sowie 3\/4. Klasse an.<\/p>\n\n\n\n<p>Bei bestem Wetter im M\u00fcnchner Nordosten war es ein Riesen-Spa\u00df f\u00fcr alle und ein gro\u00dfer Erfolg f\u00fcr die Kinder und unseren Schachclub.&nbsp;<\/p>\n\n\n\n<p>Mit dem 5-j\u00e4hrigen Aaron Idris Falck stellt unser Club zudem nun einen M\u00fcnchner Schulschach-Mannschaftsmeister in der Alterskategorie 1.\/2. Klasse. Zu diesem Erfolg hat er mit einer 6:0 Bilanz an Brett 2 selbst stark beitragen k\u00f6nnen.&nbsp;<\/p>\n\n\n\n<p><\/p>\n\n\n\n<figure class=\"wp-block-image size-large\"><img loading=\"lazy\" decoding=\"async\" width=\"817\" height=\"1024\" src=\"https:\/\/www.scv-jugend.de\/wp-content\/uploads\/Top-1-Alternative-IMG_2414-2-817x1024.jpg\" alt=\"\" class=\"wp-image-9699\" srcset=\"https:\/\/www.scv-jugend.de\/wp-content\/uploads\/Top-1-Alternative-IMG_2414-2-817x1024.jpg 817w, https:\/\/www.scv-jugend.de\/wp-content\/uploads\/Top-1-Alternative-IMG_2414-2-239x300.jpg 239w, https:\/\/www.scv-jugend.de\/wp-content\/uploads\/Top-1-Alternative-IMG_2414-2-1225x1536.jpg 1225w, https:\/\/www.scv-jugend.de\/wp-content\/uploads\/Top-1-Alternative-IMG_2414-2-1633x2048.jpg 1633w, https:\/\/www.scv-jugend.de\/wp-content\/uploads\/Top-1-Alternative-IMG_2414-2-940x1179.jpg 940w, https:\/\/www.scv-jugend.de\/wp-content\/uploads\/Top-1-Alternative-IMG_2414-2.jpg 1728w\" sizes=\"auto, (max-width: 817px) 100vw, 817px\" \/><figcaption class=\"wp-element-caption\">Aliyah  &amp; Aaron Idris Falck<\/figcaption><\/figure>\n\n\n\n<p>Neben den starken Platzierungen der Grundschulen Vaterstetten &amp; Feldkirchen &#8211; mit zahlreichen unserer Vereinsspieler &#8211; war sicherlich der 3. Platz der Grundschule Baldham nur mit Spielern aus der 4 monatigen Schulschach-Initiative eine gro\u00dfe \u00dcberraschung.<\/p>\n\n\n\n<figure class=\"wp-block-image size-large\"><img loading=\"lazy\" decoding=\"async\" width=\"1024\" height=\"768\" src=\"https:\/\/www.scv-jugend.de\/wp-content\/uploads\/Top-3-PHOTO-2024-02-03-15-54-56-1-1024x768.jpg\" alt=\"\" class=\"wp-image-9693\" srcset=\"https:\/\/www.scv-jugend.de\/wp-content\/uploads\/Top-3-PHOTO-2024-02-03-15-54-56-1-1024x768.jpg 1024w, https:\/\/www.scv-jugend.de\/wp-content\/uploads\/Top-3-PHOTO-2024-02-03-15-54-56-1-300x225.jpg 300w, https:\/\/www.scv-jugend.de\/wp-content\/uploads\/Top-3-PHOTO-2024-02-03-15-54-56-1-940x705.jpg 940w, https:\/\/www.scv-jugend.de\/wp-content\/uploads\/Top-3-PHOTO-2024-02-03-15-54-56-1.jpg 1280w\" sizes=\"auto, (max-width: 1024px) 100vw, 1024px\" \/><figcaption class=\"wp-element-caption\">Grundschule Vaterstetten &#8211; 3.\/4. Klasse<\/figcaption><\/figure>\n\n\n\n<figure class=\"wp-block-image size-large\"><img loading=\"lazy\" decoding=\"async\" width=\"1024\" height=\"768\" src=\"https:\/\/www.scv-jugend.de\/wp-content\/uploads\/Top-6-78cc9cfc-e683-4009-8c88-9f488c31a1e3-1024x768.jpg\" alt=\"\" class=\"wp-image-9691\" srcset=\"https:\/\/www.scv-jugend.de\/wp-content\/uploads\/Top-6-78cc9cfc-e683-4009-8c88-9f488c31a1e3-1024x768.jpg 1024w, https:\/\/www.scv-jugend.de\/wp-content\/uploads\/Top-6-78cc9cfc-e683-4009-8c88-9f488c31a1e3-300x225.jpg 300w, https:\/\/www.scv-jugend.de\/wp-content\/uploads\/Top-6-78cc9cfc-e683-4009-8c88-9f488c31a1e3-940x705.jpg 940w, https:\/\/www.scv-jugend.de\/wp-content\/uploads\/Top-6-78cc9cfc-e683-4009-8c88-9f488c31a1e3.jpg 1280w\" sizes=\"auto, (max-width: 1024px) 100vw, 1024px\" \/><figcaption class=\"wp-element-caption\">Grundschule Baldham &#8211; 1.\/2. Klasse &#8211; Kinder der Schulschach-Initiative<\/figcaption><\/figure>\n\n\n\n<figure class=\"wp-block-image size-large\"><img loading=\"lazy\" decoding=\"async\" width=\"1024\" height=\"768\" src=\"https:\/\/www.scv-jugend.de\/wp-content\/uploads\/Top-4-47a5a602-c086-40aa-a1d0-a10b2967b978-1024x768.jpg\" alt=\"\" class=\"wp-image-9694\" srcset=\"https:\/\/www.scv-jugend.de\/wp-content\/uploads\/Top-4-47a5a602-c086-40aa-a1d0-a10b2967b978-1024x768.jpg 1024w, https:\/\/www.scv-jugend.de\/wp-content\/uploads\/Top-4-47a5a602-c086-40aa-a1d0-a10b2967b978-300x225.jpg 300w, https:\/\/www.scv-jugend.de\/wp-content\/uploads\/Top-4-47a5a602-c086-40aa-a1d0-a10b2967b978-940x705.jpg 940w, https:\/\/www.scv-jugend.de\/wp-content\/uploads\/Top-4-47a5a602-c086-40aa-a1d0-a10b2967b978.jpg 1280w\" sizes=\"auto, (max-width: 1024px) 100vw, 1024px\" \/><figcaption class=\"wp-element-caption\">Grundschule Feldkirchen &#8211; 3\/4. Klasse<\/figcaption><\/figure>\n\n\n\n<p>Insgesamt waren alle Kinder wunderbar, wie ihr dem \u00dcberblick entnehmen k\u00f6nnt:&nbsp;<\/p>\n\n\n\n<p><strong>3.\/4. Klasse &#8211; 39 teilnehmende Schulen<\/strong><\/p>\n\n\n\n<p>6. Platz &#8211; Grundschule Vaterstetten mit<\/p>\n\n\n\n<ul class=\"wp-block-list\">\n<li>Ahn (3 Punkte aus 5 Partien)<\/li>\n\n\n\n<li>Anxin (4 Punkte aus 5 Partien)<\/li>\n\n\n\n<li>Luca R. (4,5 Punkte aus 5 Partien)<\/li>\n\n\n\n<li>Oskar U. (1 Punkt aus 4 Partien)<\/li>\n\n\n\n<li>Buda (1,5 Punkte aus 5 Partien)<\/li>\n<\/ul>\n\n\n\n<p>7. Platz &#8211; Waldorfschule Ismaning mit<\/p>\n\n\n\n<ul class=\"wp-block-list\">\n<li>Aliyah<\/li>\n\n\n\n<li>sowie einige Kinder aus unserer Schulschach-Initiative<\/li>\n<\/ul>\n\n\n\n<p>9. Platz &#8211; Grundschule Feldkirchen mit<\/p>\n\n\n\n<ul class=\"wp-block-list\">\n<li>Alexander<\/li>\n\n\n\n<li>Ivan<\/li>\n\n\n\n<li>Mischa<\/li>\n\n\n\n<li>Antonio<\/li>\n<\/ul>\n\n\n\n<figure class=\"wp-block-image size-large\"><img loading=\"lazy\" decoding=\"async\" width=\"661\" height=\"1024\" src=\"https:\/\/www.scv-jugend.de\/wp-content\/uploads\/Ergebnisse-3-4-Klasse-661x1024.jpg\" alt=\"\" class=\"wp-image-9700\" srcset=\"https:\/\/www.scv-jugend.de\/wp-content\/uploads\/Ergebnisse-3-4-Klasse-661x1024.jpg 661w, https:\/\/www.scv-jugend.de\/wp-content\/uploads\/Ergebnisse-3-4-Klasse-194x300.jpg 194w, https:\/\/www.scv-jugend.de\/wp-content\/uploads\/Ergebnisse-3-4-Klasse.jpg 739w\" sizes=\"auto, (max-width: 661px) 100vw, 661px\" \/><\/figure>\n\n\n\n<p><\/p>\n\n\n\n<p><strong>1.\/2. Klasse &#8211; 18 teilnehmende Schulen<\/strong><\/p>\n\n\n\n<p>1. Platz &#8211; Grundschule Waldorfschule Ismaning<\/p>\n\n\n\n<ul class=\"wp-block-list\">\n<li>Aaron Idris<\/li>\n\n\n\n<li>u.a. mit einigen Kindern aus unserer Schulschach-Initiative<\/li>\n<\/ul>\n\n\n\n<p>3. Platz &#8211; Grundschule Baldham<\/p>\n\n\n\n<ul class=\"wp-block-list\">\n<li>nur mit den Kindern aus unserer Schulschach-Initiative<\/li>\n<\/ul>\n\n\n\n<p>7. Platz &#8211; Grundschule Feldkirchen<\/p>\n\n\n\n<ul class=\"wp-block-list\">\n<li>Martin<\/li>\n\n\n\n<li>Luca<\/li>\n\n\n\n<li>sowie Kinder aus unserer Schulschach-Initiative<\/li>\n<\/ul>\n\n\n\n<figure class=\"wp-block-image size-full\"><img loading=\"lazy\" decoding=\"async\" width=\"834\" height=\"1017\" src=\"https:\/\/www.scv-jugend.de\/wp-content\/uploads\/Ergebnisse-1-2-Klasse.jpg\" alt=\"\" class=\"wp-image-9701\" srcset=\"https:\/\/www.scv-jugend.de\/wp-content\/uploads\/Ergebnisse-1-2-Klasse.jpg 834w, https:\/\/www.scv-jugend.de\/wp-content\/uploads\/Ergebnisse-1-2-Klasse-246x300.jpg 246w\" sizes=\"auto, (max-width: 834px) 100vw, 834px\" \/><\/figure>\n\n\n\n<p><\/p>\n","protected":false},"excerpt":{"rendered":"<p>Bei dem Gro\u00df-Event in Garching hat unser Schachclub insgesamt sieben 4er-Schulteams aus der Schul-Schachinitiative durch Julian, Suhel und Andreas betreut. Die Teams traten in den beiden Turnier-Kategorien 1.\/2. Klasse sowie 3\/4. Klasse an. Bei bestem Wetter im M\u00fcnchner Nordosten war &#8230; <a class=\"more-link\" href=\"https:\/\/www.scv-jugend.de\/?p=9686\">Read More &raquo;<\/a><\/p>\n","protected":false},"author":60,"featured_media":0,"comment_status":"closed","ping_status":"closed","sticky":false,"template":"","format":"standard","meta":{"footnotes":""},"categories":[],"tags":[],"class_list":["post-9686","post","type-post","status-publish","format-standard","hentry"],"_links":{"self":[{"href":"https:\/\/www.scv-jugend.de\/index.php?rest_route=\/wp\/v2\/posts\/9686","targetHints":{"allow":["GET"]}}],"collection":[{"href":"https:\/\/www.scv-jugend.de\/index.php?rest_route=\/wp\/v2\/posts"}],"about":[{"href":"https:\/\/www.scv-jugend.de\/index.php?rest_route=\/wp\/v2\/types\/post"}],"author":[{"embeddable":true,"href":"https:\/\/www.scv-jugend.de\/index.php?rest_route=\/wp\/v2\/users\/60"}],"replies":[{"embeddable":true,"href":"https:\/\/www.scv-jugend.de\/index.php?rest_route=%2Fwp%2Fv2%2Fcomments&post=9686"}],"version-history":[{"count":8,"href":"https:\/\/www.scv-jugend.de\/index.php?rest_route=\/wp\/v2\/posts\/9686\/revisions"}],"predecessor-version":[{"id":9709,"href":"https:\/\/www.scv-jugend.de\/index.php?rest_route=\/wp\/v2\/posts\/9686\/revisions\/9709"}],"wp:attachment":[{"href":"https:\/\/www.scv-jugend.de\/index.php?rest_route=%2Fwp%2Fv2%2Fmedia&parent=9686"}],"wp:term":[{"taxonomy":"category","embeddable":true,"href":"https:\/\/www.scv-jugend.de\/index.php?rest_route=%2Fwp%2Fv2%2Fcategories&post=9686"},{"taxonomy":"post_tag","embeddable":true,"href":"https:\/\/www.scv-jugend.de\/index.php?rest_route=%2Fwp%2Fv2%2Ftags&post=9686"}],"curies":[{"name":"wp","href":"https:\/\/api.w.org\/{rel}","templated":true}]}}