{"id":9618,"date":"2024-07-06T10:38:36","date_gmt":"2024-07-06T08:38:36","guid":{"rendered":"https:\/\/www.scv-jugend.de\/?p=9618"},"modified":"2024-07-06T10:38:38","modified_gmt":"2024-07-06T08:38:38","slug":"vereinsmeisterschaft-2023-24","status":"publish","type":"post","link":"https:\/\/www.scv-jugend.de\/?p=9618","title":{"rendered":"Vereinsmeisterschaft 2023-24"},"content":{"rendered":"\n<p>Die Vereinsmeisterschaft ist endlich beendet. Die letzte Partie zwischen Oliver und Suhel konnte nicht mehr gespielt werden. Trotz mehrerer Ans\u00e4tze hat Suhel keinen Ersatztermin finden k\u00f6nnen.<br>Die Endtabelle lautet:<\/p>\n\n\n\n<figure class=\"wp-block-image size-full\"><img loading=\"lazy\" decoding=\"async\" width=\"837\" height=\"453\" src=\"https:\/\/www.scv-jugend.de\/wp-content\/uploads\/image-99.png\" alt=\"\" class=\"wp-image-9936\" srcset=\"https:\/\/www.scv-jugend.de\/wp-content\/uploads\/image-99.png 837w, https:\/\/www.scv-jugend.de\/wp-content\/uploads\/image-99-300x162.png 300w\" sizes=\"auto, (max-width: 837px) 100vw, 837px\" \/><\/figure>\n\n\n\n<p>Den Vereinsmeistern m\u00f6chte ich ganz herzlich gratulieren:<br><strong>SK Zorneding-P\u00f6ring: Oliver Schumann<br>SC Vaterstetten-Grasbrunn: Suhel Abdalla<\/strong><\/p>\n\n\n\n<p>&#8212;&#8212;&#8212;&#8212;&#8212;&#8212;&#8212;&#8212;&#8212;&#8212;&#8212;&#8212;&#8212;&#8212;&#8212;&#8212;&#8212;&#8212;&#8212;&#8212;&#8212;&#8212;&#8212;&#8212;&#8212;&#8212;&#8212;&#8212;&#8212;&#8212;&#8212;&#8212;&#8212;&#8212;&#8212;&#8212;&#8212;&#8212;&#8212;&#8212;&#8212;&#8212;&#8212;&#8212;&#8212;&#8212;<\/p>\n\n\n\n<p><strong>Auslosung 6. Runde (Finalrunde !!)<\/strong><\/p>\n\n\n\n<figure class=\"wp-block-image size-full\"><img loading=\"lazy\" decoding=\"async\" width=\"815\" height=\"262\" src=\"https:\/\/www.scv-jugend.de\/wp-content\/uploads\/image-92.png\" alt=\"\" class=\"wp-image-9834\" srcset=\"https:\/\/www.scv-jugend.de\/wp-content\/uploads\/image-92.png 815w, https:\/\/www.scv-jugend.de\/wp-content\/uploads\/image-92-300x96.png 300w\" sizes=\"auto, (max-width: 815px) 100vw, 815px\" \/><\/figure>\n\n\n\n<p><strong>Nachholpartien:<\/strong><br>12.04. Uygar &#8211; Franz: 0:1<br>12.04.:J\u00fcrgen &#8211; Thomas: \u00bd : \u00bd<br>19.04.: Karl Hermann &#8211; Gerry: 1::0<br>NN: Oliver &#8211; Suhel  (Zorneding)<br>03.05.: Leo &#8211; Andreas: 0:1<br><\/p>\n\n\n\n<p><\/p>\n\n\n\n<p><strong>Rangliste nach der 5. Runde<\/strong><\/p>\n\n\n\n<figure class=\"wp-block-image size-full\"><img loading=\"lazy\" decoding=\"async\" width=\"853\" height=\"467\" src=\"https:\/\/www.scv-jugend.de\/wp-content\/uploads\/image-85.png\" alt=\"\" class=\"wp-image-9780\" srcset=\"https:\/\/www.scv-jugend.de\/wp-content\/uploads\/image-85.png 853w, https:\/\/www.scv-jugend.de\/wp-content\/uploads\/image-85-300x164.png 300w\" sizes=\"auto, (max-width: 853px) 100vw, 853px\" \/><\/figure>\n\n\n\n<p><strong>Auslosung 5. Runde<\/strong><\/p>\n\n\n\n<figure class=\"wp-block-image size-full\"><img loading=\"lazy\" decoding=\"async\" width=\"845\" height=\"277\" src=\"https:\/\/www.scv-jugend.de\/wp-content\/uploads\/image-86.png\" alt=\"\" class=\"wp-image-9782\" srcset=\"https:\/\/www.scv-jugend.de\/wp-content\/uploads\/image-86.png 845w, https:\/\/www.scv-jugend.de\/wp-content\/uploads\/image-86-300x98.png 300w\" sizes=\"auto, (max-width: 845px) 100vw, 845px\" \/><\/figure>\n\n\n\n<p>Karl-Hermann &#8211; Leonardo: 1-0<br>J\u00fcrgen &#8211; Gerry: 1:0<br>13.03.24: Suhel &#8211; Franz: 1-0<br>15.03.24 Thomas &#8211; Oliver: 0:1<br>16.03.24 Andreas &#8211; Gregor: 1:0<br><\/p>\n\n\n\n<p>&#8212;&#8212;&#8212;&#8212;&#8212;&#8212;&#8212;&#8212;&#8212;&#8212;&#8212;&#8212;&#8212;&#8212;&#8212;&#8212;&#8212;&#8212;&#8212;&#8212;&#8212;&#8212;&#8212;&#8212;&#8212;&#8212;&#8212;&#8212;<\/p>\n\n\n\n<p><strong>5.  Runde am 08.03 Entschuldigungen:<\/strong><br>Folgende Teilnehmer sind am  08.03.  entschuldigt:<br>Suhel Abdalla<br>Andreas Falck<br>Franz Pauthner<br><\/p>\n\n\n\n<p><strong>Rangliste vor der  Runde:<\/strong><\/p>\n\n\n\n<figure class=\"wp-block-image size-full\"><img loading=\"lazy\" decoding=\"async\" width=\"793\" height=\"390\" src=\"https:\/\/www.scv-jugend.de\/wp-content\/uploads\/image-81.png\" alt=\"\" class=\"wp-image-9760\" srcset=\"https:\/\/www.scv-jugend.de\/wp-content\/uploads\/image-81.png 793w, https:\/\/www.scv-jugend.de\/wp-content\/uploads\/image-81-300x148.png 300w\" sizes=\"auto, (max-width: 793px) 100vw, 793px\" \/><\/figure>\n\n\n\n<p><strong>Auslosung der 4. Runde<\/strong><\/p>\n\n\n\n<figure class=\"wp-block-image size-full\"><img loading=\"lazy\" decoding=\"async\" width=\"833\" height=\"267\" src=\"https:\/\/www.scv-jugend.de\/wp-content\/uploads\/image-76.png\" alt=\"\" class=\"wp-image-9751\" srcset=\"https:\/\/www.scv-jugend.de\/wp-content\/uploads\/image-76.png 833w, https:\/\/www.scv-jugend.de\/wp-content\/uploads\/image-76-300x96.png 300w\" sizes=\"auto, (max-width: 833px) 100vw, 833px\" \/><\/figure>\n\n\n\n<p> <strong>Auslosung der 3. Runde<\/strong><\/p>\n\n\n\n<figure class=\"wp-block-image size-full\"><img loading=\"lazy\" decoding=\"async\" width=\"828\" height=\"272\" src=\"https:\/\/www.scv-jugend.de\/wp-content\/uploads\/image-80.png\" alt=\"\" class=\"wp-image-9759\" srcset=\"https:\/\/www.scv-jugend.de\/wp-content\/uploads\/image-80.png 828w, https:\/\/www.scv-jugend.de\/wp-content\/uploads\/image-80-300x99.png 300w\" sizes=\"auto, (max-width: 828px) 100vw, 828px\" \/><\/figure>\n\n\n\n<p><strong>Auslosung der 2. Runde<\/strong><\/p>\n\n\n\n<figure class=\"wp-block-image size-full\"><img loading=\"lazy\" decoding=\"async\" width=\"840\" height=\"273\" src=\"https:\/\/www.scv-jugend.de\/wp-content\/uploads\/image-72.png\" alt=\"\" class=\"wp-image-9718\" srcset=\"https:\/\/www.scv-jugend.de\/wp-content\/uploads\/image-72.png 840w, https:\/\/www.scv-jugend.de\/wp-content\/uploads\/image-72-300x98.png 300w\" sizes=\"auto, (max-width: 840px) 100vw, 840px\" \/><\/figure>\n\n\n\n<p><\/p>\n\n\n\n<p><strong>Auslosung der 1. Runde:<\/strong><\/p>\n\n\n\n<figure class=\"wp-block-image size-full\"><img loading=\"lazy\" decoding=\"async\" width=\"837\" height=\"267\" src=\"https:\/\/www.scv-jugend.de\/wp-content\/uploads\/image-56.png\" alt=\"\" class=\"wp-image-9645\" srcset=\"https:\/\/www.scv-jugend.de\/wp-content\/uploads\/image-56.png 837w, https:\/\/www.scv-jugend.de\/wp-content\/uploads\/image-56-300x96.png 300w\" sizes=\"auto, (max-width: 837px) 100vw, 837px\" \/><\/figure>\n\n\n\n<p><br><br>&#8212;&#8212;&#8212;&#8212;&#8212;&#8212;&#8212;&#8212;&#8212;&#8212;&#8212;&#8212;&#8212;&#8212;&#8212;&#8212;&#8212;&#8212;&#8212;&#8212;&#8212;&#8212;&#8212;&#8212;&#8212;&#8212;&#8212;&#8212;&#8212;&#8212;&#8212;&#8212;&#8212;&#8212;&#8212;&#8212;&#8212;&#8212;&#8212;&#8212;&#8212;&#8212;&#8212;&#8212;&#8212;&#8212;-<\/p>\n\n\n\n<p><\/p>\n\n\n\n<p>Die diesj\u00e4hrige Vereinsmeisterschaft findet entgegen der Ausschreibung ausschlie\u00dflich in den R\u00e4umen des Schachklubs Vaterstetten-Grasbrunn statt.<br>Folgende Spieler haben sich dazu angemeldet:<br>Suhel Abdalla<br>Karl Hermann M\u00fchlhaus<br>Gregor Bigalke<br>Thomas Reich<br>Gerry Steinberger<br>Oliver Schumann<br>Leonhard Fellmann<br>Reinhold Unterreitmeier<br>J\u00fcrgen Kraus<br>Franz Pauthner<br>Andreas Falck<br>Uygar Boynudelik<br><br>Mit 12 Spielern konnte die Anzahl der Teilnehmer zum Vorjahr konstant gehalten werden.<br><br>Die erste Runde findet am 10.11.23 um 19:30 Uhr statt.<br>Die Auslosung werde ich erst um 19:30 Uhr erstellen damit alle Spieler, die zum Termin erscheinen auch spielen k\u00f6nnen. Es w\u00e4re toll, wenn alle das sein k\u00f6nnen.<br>Bitte um R\u00fcckmeldung, wenn jemand nicht kommen kann.<\/p>\n\n\n\n<p><\/p>\n\n\n\n<p>Anbei die Ausschreibung:<\/p>\n\n\n\n<div data-wp-interactive=\"core\/file\" class=\"wp-block-file\"><object data-wp-bind--hidden=\"!state.hasPdfPreview\" hidden class=\"wp-block-file__embed\" data=\"https:\/\/www.scv-jugend.de\/wp-content\/uploads\/Vereinsmeisterschaft-SC-VG-und-SK-ZP-2023-2024-1.pdf\" type=\"application\/pdf\" style=\"width:100%;height:600px\" aria-label=\"Einbettung von Vereinsmeisterschaft-SC-VG-und-SK-ZP-2023-2024-1.\"><\/object><a id=\"wp-block-file--media-1415d643-f853-47dd-b005-4a595fd1b6ab\" href=\"https:\/\/www.scv-jugend.de\/wp-content\/uploads\/Vereinsmeisterschaft-SC-VG-und-SK-ZP-2023-2024-1.pdf\">Vereinsmeisterschaft-SC-VG-und-SK-ZP-2023-2024-1<\/a><a href=\"https:\/\/www.scv-jugend.de\/wp-content\/uploads\/Vereinsmeisterschaft-SC-VG-und-SK-ZP-2023-2024-1.pdf\" class=\"wp-block-file__button wp-element-button\" download aria-describedby=\"wp-block-file--media-1415d643-f853-47dd-b005-4a595fd1b6ab\">Herunterladen<\/a><\/div>\n\n\n\n<p><\/p>\n","protected":false},"excerpt":{"rendered":"<p>Die Vereinsmeisterschaft ist endlich beendet. Die letzte Partie zwischen Oliver und Suhel konnte nicht mehr gespielt werden. Trotz mehrerer Ans\u00e4tze hat Suhel keinen Ersatztermin finden k\u00f6nnen.Die Endtabelle lautet: Den Vereinsmeistern m\u00f6chte ich ganz herzlich gratulieren:SK Zorneding-P\u00f6ring: Oliver SchumannSC Vaterstetten-Grasbrunn: Suhel &#8230; <a class=\"more-link\" href=\"https:\/\/www.scv-jugend.de\/?p=9618\">Read More &raquo;<\/a><\/p>\n","protected":false},"author":50,"featured_media":0,"comment_status":"closed","ping_status":"closed","sticky":false,"template":"","format":"standard","meta":{"footnotes":""},"categories":[],"tags":[],"class_list":["post-9618","post","type-post","status-publish","format-standard","hentry"],"_links":{"self":[{"href":"https:\/\/www.scv-jugend.de\/index.php?rest_route=\/wp\/v2\/posts\/9618","targetHints":{"allow":["GET"]}}],"collection":[{"href":"https:\/\/www.scv-jugend.de\/index.php?rest_route=\/wp\/v2\/posts"}],"about":[{"href":"https:\/\/www.scv-jugend.de\/index.php?rest_route=\/wp\/v2\/types\/post"}],"author":[{"embeddable":true,"href":"https:\/\/www.scv-jugend.de\/index.php?rest_route=\/wp\/v2\/users\/50"}],"replies":[{"embeddable":true,"href":"https:\/\/www.scv-jugend.de\/index.php?rest_route=%2Fwp%2Fv2%2Fcomments&post=9618"}],"version-history":[{"count":27,"href":"https:\/\/www.scv-jugend.de\/index.php?rest_route=\/wp\/v2\/posts\/9618\/revisions"}],"predecessor-version":[{"id":9937,"href":"https:\/\/www.scv-jugend.de\/index.php?rest_route=\/wp\/v2\/posts\/9618\/revisions\/9937"}],"wp:attachment":[{"href":"https:\/\/www.scv-jugend.de\/index.php?rest_route=%2Fwp%2Fv2%2Fmedia&parent=9618"}],"wp:term":[{"taxonomy":"category","embeddable":true,"href":"https:\/\/www.scv-jugend.de\/index.php?rest_route=%2Fwp%2Fv2%2Fcategories&post=9618"},{"taxonomy":"post_tag","embeddable":true,"href":"https:\/\/www.scv-jugend.de\/index.php?rest_route=%2Fwp%2Fv2%2Ftags&post=9618"}],"curies":[{"name":"wp","href":"https:\/\/api.w.org\/{rel}","templated":true}]}}