{"id":9611,"date":"2023-10-06T19:09:12","date_gmt":"2023-10-06T17:09:12","guid":{"rendered":"https:\/\/www.scv-jugend.de\/?p=9611"},"modified":"2023-10-06T19:17:22","modified_gmt":"2023-10-06T17:17:22","slug":"einladung-zur-mitgliederversammlung-am-03-11-23","status":"publish","type":"post","link":"https:\/\/www.scv-jugend.de\/?p=9611","title":{"rendered":"Einladung zur Mitgliederversammlung am 03.11.23"},"content":{"rendered":"\n<p>Liebe Mitglieder,<br><br>Hiermit laden wir Euch im Namen der Vorstandschaft herzlich und fristgerecht zur Mitgliederversammlung 2023 am Freitag, den <strong>03. November 2023um 19:00 Uhr im Pfarrsaal Neukeferloh,<\/strong> Saarlandstrasse 10 in Neukeferoh ein.<br>In diesem Jahr stehen wieder Neuwahlen der Vorstandschaft an. <\/p>\n\n\n\n<p><strong>Tagesordnung:<br>1. Begr\u00fc\u00dfung und Feststellung der ordnungsgem\u00e4\u00dfen Einladung &#8220;<br>2. Beschlussfassung \u00fcber die Tagesordnung<br>3. Bericht des Vorstandes<br>4. Bericht des Spielleiters<br>5. Bericht des Jugendleiters<br>6. Bericht des Materialwartes<br>7. Bericht des Kassiers<br>8. Entlastung des Vorstandes<br>9. Einsetzen des Wahlleiters<br>10. Neuwahlen von Vorstand, Vereinsausschuss und Kassenpr\u00fcfer<br>11. Antr\u00e4ge<br>12. Sonstiges<\/strong><\/p>\n\n\n\n<p><br>Antr\u00e4ge k\u00f6nnen bis zum 28. Oktober eingereicht werden. <br>Der Vorstand m\u00f6chte gerne den Vereinsabend auf einem anderen Tag der Woche verlegen. Dazu wird ein Antrag gestellt, der in der Versammlung zur Abstimmung kommt. <br><\/p>\n\n\n\n<p><\/p>\n\n\n\n<p>Euer Vorstand<\/p>\n\n\n\n<p>Suhel Abdalla<\/p>\n","protected":false},"excerpt":{"rendered":"<p>Liebe Mitglieder, Hiermit laden wir Euch im Namen der Vorstandschaft herzlich und fristgerecht zur Mitgliederversammlung 2023 am Freitag, den 03. November 2023um 19:00 Uhr im Pfarrsaal Neukeferloh, Saarlandstrasse 10 in Neukeferoh ein.In diesem Jahr stehen wieder Neuwahlen der Vorstandschaft an. &#8230; <a class=\"more-link\" href=\"https:\/\/www.scv-jugend.de\/?p=9611\">Read More &raquo;<\/a><\/p>\n","protected":false},"author":50,"featured_media":0,"comment_status":"closed","ping_status":"closed","sticky":false,"template":"","format":"standard","meta":{"footnotes":""},"categories":[],"tags":[],"class_list":["post-9611","post","type-post","status-publish","format-standard","hentry"],"_links":{"self":[{"href":"https:\/\/www.scv-jugend.de\/index.php?rest_route=\/wp\/v2\/posts\/9611","targetHints":{"allow":["GET"]}}],"collection":[{"href":"https:\/\/www.scv-jugend.de\/index.php?rest_route=\/wp\/v2\/posts"}],"about":[{"href":"https:\/\/www.scv-jugend.de\/index.php?rest_route=\/wp\/v2\/types\/post"}],"author":[{"embeddable":true,"href":"https:\/\/www.scv-jugend.de\/index.php?rest_route=\/wp\/v2\/users\/50"}],"replies":[{"embeddable":true,"href":"https:\/\/www.scv-jugend.de\/index.php?rest_route=%2Fwp%2Fv2%2Fcomments&post=9611"}],"version-history":[{"count":3,"href":"https:\/\/www.scv-jugend.de\/index.php?rest_route=\/wp\/v2\/posts\/9611\/revisions"}],"predecessor-version":[{"id":9616,"href":"https:\/\/www.scv-jugend.de\/index.php?rest_route=\/wp\/v2\/posts\/9611\/revisions\/9616"}],"wp:attachment":[{"href":"https:\/\/www.scv-jugend.de\/index.php?rest_route=%2Fwp%2Fv2%2Fmedia&parent=9611"}],"wp:term":[{"taxonomy":"category","embeddable":true,"href":"https:\/\/www.scv-jugend.de\/index.php?rest_route=%2Fwp%2Fv2%2Fcategories&post=9611"},{"taxonomy":"post_tag","embeddable":true,"href":"https:\/\/www.scv-jugend.de\/index.php?rest_route=%2Fwp%2Fv2%2Ftags&post=9611"}],"curies":[{"name":"wp","href":"https:\/\/api.w.org\/{rel}","templated":true}]}}