{"id":9608,"date":"2024-05-13T18:05:56","date_gmt":"2024-05-13T16:05:56","guid":{"rendered":"https:\/\/www.scv-jugend.de\/?p=9608"},"modified":"2024-05-13T18:05:57","modified_gmt":"2024-05-13T16:05:57","slug":"muenchner-mannschaftsmeisterschaft-2023-24","status":"publish","type":"post","link":"https:\/\/www.scv-jugend.de\/?p=9608","title":{"rendered":"M\u00fcnchner Mannschaftsmeisterschaft 2023\/24"},"content":{"rendered":"\n<p>Bericht von Torsten D\u00f6ge zur abgelaufenen Saison:<br><\/p>\n\n\n\n<p><strong>M\u00fcnchner Mannschaftsmeisterschaft 2023\/24<\/strong><\/p>\n\n\n\n<p>Die Mannschaft SC Vaterstetten-Grasbrunn hat die M\u00fcnchner Mannschaftsmeisterschaft (MMM) 2023\/24 mit dem 1. Patz in der C2-Klasse abgeschlossen.<\/p>\n\n\n\n<figure class=\"wp-block-image size-full\"><img loading=\"lazy\" decoding=\"async\" width=\"616\" height=\"207\" src=\"https:\/\/www.scv-jugend.de\/wp-content\/uploads\/image-97.png\" alt=\"\" class=\"wp-image-9855\" srcset=\"https:\/\/www.scv-jugend.de\/wp-content\/uploads\/image-97.png 616w, https:\/\/www.scv-jugend.de\/wp-content\/uploads\/image-97-300x101.png 300w\" sizes=\"auto, (max-width: 616px) 100vw, 616px\" \/><\/figure>\n\n\n\n<p>Lange sah es danach nicht aus. In der ersten Runde mussten wir ausw\u00e4rts gegen die Schachfreunde M\u00fcnchen 3 antreten. Am Abend vor dem Spiel wurde bekannt, dass Alexander erkrankte. Leider konnten wir kurzfristig keinen Ersatzspieler bekommen, so dass wir nur zu f\u00fcnft antraten. Dominik, Christian und Matthias hatten ihre Partien beendet und es stand 2:2 nach Brettpunkten. Torsten stand auf Verlust, der Gegner hatte zwei verbundene Freibauern. Deshalb versuchte Karl-Hermann in einer remistr\u00e4chtigen Stellung auf Gewinn zu spielen, um wenigstens ein Unentschieden f\u00fcr die Mannschaft zu retten. Torsten konnte sich noch ins Remis retten. Leider machte sich der Gewinnversuch von Karl-Hermann nicht bezahlt, so dass er leider verlor. Die Runde gegen die Schachfreunde M\u00fcnchen endete mit der ersten und am Ende einzigen Niederlage f\u00fcr die Mannschaft.<\/p>\n\n\n\n<p>In der zweiten Runde traten wir daheim gegen SC Haar 1931 4 an. Nach f\u00fcnf beendeten Spielen stand es 2:3 f\u00fcr Haar. Paul spielte noch in einem Turmendspiel mit einem Minusbauern und alles sah nach einer zweiten Mannschaftsniederlage aus. Paul konnte das Spiel noch gewinnen und damit stand es 3:3, Unentschieden f\u00fcr die Mannschaft.<\/p>\n\n\n\n<p>In der dritten Runde sollten wir an einem Donnerstagabend ausw\u00e4rts gegen TSV Solln 3 spielen. Ung\u00fcnstigerweise waren die meisten unserer Spieler an diesem Tag verhindert. Nur drei Spieler konnten an diesem Tag antreten. Dominik, Karl-Hermann und Christian traten an und gewannen alle drei! Ein starkes Unentschieden!<\/p>\n\n\n\n<p>In der vierten Runde hatten wir spielfrei. Der Zwischenstand nach der vierten Runde zeigte uns auf dem letzten Platz in der Tabelle.<\/p>\n\n\n\n<p>Die f\u00fcnfte Runde gegen SC Roter Turm Altstadt 5 brachte uns den lang ersehnten, ersten Sieg mit 4,5:1,5. Endlich schien Pechphase gebrochen zu sein. Die Mannschaft war merklich zusammen gewachsen. In der Tabelle ging es knapp zur Sache, gerade mal ein Mannschaftspunkt trennte die erste und die letzte Mannschaft.<\/p>\n\n\n\n<p>In der sechsten Runde mussten wir noch einmal zittern. Nach vier beendeten Partien stand es 2,5:1,5 f\u00fcr uns. Moritz und Christian konnten ihre spannenden Partien mit Remis beenden. Das bedeutete 3,5:2,5 und somit den zweiten, knappen Sieg f\u00fcr unsere Mannschaft.<\/p>\n\n\n\n<p>Vor dem Spiel der letzten Runde hatten die anderen Mannschaften an den Vortagen ihre Spiele bereits beendet. Die Tabelle zeigte uns, dass uns ein Unentschieden f\u00fcr den ersten Platz reichen w\u00fcrde. Am Ende konnten wir 4,5:1,5 gewinnen.<\/p>\n\n\n\n<p>Obwohl es w\u00e4hrend der Saison lange nicht danach ausgesehen hatte, war der erste Tabellenplatz erreicht! Vielen Dank an Dominik, Alexander, Moritz, Karl-Hermann, Christian, Torsten, Paul, Matthias, Gregor und Max, die alle zu diesem Erfolg beigetragen haben!<\/p>\n\n\n\n<p>Dies wurde ein paar Tage sp\u00e4ter beim Da Vinci in Vaterstetten bei Pasta und Pizza gemeinsam gefeiert. Dabei erfolgte der Blick bereits auf die n\u00e4chste, spannende Saison.<\/p>\n\n\n\n<p><strong>Herzlichen Dank f\u00fcr den Einsatz und Gl\u00fcckwunsch zum Ausstieg !!<\/strong><\/p>\n\n\n\n<p>&#8212;&#8212;&#8212;&#8212;&#8212;&#8212;&#8212;&#8212;&#8212;&#8212;&#8212;&#8212;&#8212;&#8212;&#8212;&#8212;&#8212;&#8212;&#8212;&#8212;&#8212;&#8212;&#8212;&#8212;&#8212;&#8212;&#8212;&#8212;&#8212;&#8212;&#8212;&#8212;&#8212;&#8212;&#8212;&#8212;&#8212;&#8212;&#8212;&#8212;&#8212;&#8212;&#8212;&#8211;<\/p>\n\n\n\n<p>In diesem Jahr haben wir nur eine Mannschaft gemeldet.<br>Die abgegebene Aufstellung habe ich nach Reihenfolge der DWZ Zahlen abgegeben:<br>(folgt nach Freigabe der Ausstellungen der Mannschaften durch den Staffelleiter)<br><br>Folgende Spieltermine haben wir.<\/p>\n\n\n\n<figure class=\"wp-block-table is-style-stripes\"><table><tbody><tr><td><strong>Runde<\/strong><\/td><td>Spieltage<\/td><td>Gegner<\/td><td>Heim\/Ausw\u00e4rts<\/td><\/tr><tr><td>1<\/td><td>17.11. (Fr) &#8211; 19:00 Uhr<\/td><td>Schachfreunde M\u00fcnchen 3<\/td><td>Ausw\u00e4rts<\/td><\/tr><tr><td>2<\/td><td>08.12. (Fr) &#8211; 19:00&nbsp;<\/td><td>SC Haar 4<\/td><td>Heim<\/td><\/tr><tr><td>3<\/td><td>18.01 (Do) &#8211; 19:30<\/td><td>TSV Solln<\/td><td>Ausw\u00e4rts<\/td><\/tr><tr><td>4<\/td><td>spielfrei<\/td><td><\/td><td><\/td><\/tr><tr><td>5<\/td><td>23.02 (Fr) &#8211; 19:00<\/td><td>SC Roter Turm 5<\/td><td>Heim<\/td><\/tr><tr><td>6<\/td><td>12.03 (Di) &#8211; 19:30&nbsp;<\/td><td>SG Schwabing M\u00fc Nord 3<\/td><td>Ausw\u00e4rts<\/td><\/tr><tr><td>7<\/td><td>12.04 (Fr) &#8211; 19:00<\/td><td>MSA Zugzwang 5<\/td><td>Heim<\/td><\/tr><\/tbody><\/table><\/figure>\n\n\n\n<p><br><strong>Bitte haltet euch die Termine frei damit wir immer vollst\u00e4ndig antreten k\u00f6nnen.<\/strong><br>Ich werde sp\u00e4testens eine Woche vor dem Termin fragen, ob ihr spielen k\u00f6nnt.<br>Gerne k\u00f6nnt ihr im Vorfeld mir schon mitteilen, wann ihr spielen k\u00f6nnt.&nbsp;<\/p>\n\n\n\n<p>Bitte meldet euch auch bei mir, wenn ihr noch Spieler kennt, die gerne spielen wollen. Wir k\u00f6nnen diese dann nachmelden.<\/p>\n","protected":false},"excerpt":{"rendered":"<p>Bericht von Torsten D\u00f6ge zur abgelaufenen Saison: M\u00fcnchner Mannschaftsmeisterschaft 2023\/24 Die Mannschaft SC Vaterstetten-Grasbrunn hat die M\u00fcnchner Mannschaftsmeisterschaft (MMM) 2023\/24 mit dem 1. Patz in der C2-Klasse abgeschlossen. Lange sah es danach nicht aus. In der ersten Runde mussten wir &#8230; <a class=\"more-link\" href=\"https:\/\/www.scv-jugend.de\/?p=9608\">Read More &raquo;<\/a><\/p>\n","protected":false},"author":50,"featured_media":0,"comment_status":"closed","ping_status":"closed","sticky":false,"template":"","format":"standard","meta":{"footnotes":""},"categories":[],"tags":[],"class_list":["post-9608","post","type-post","status-publish","format-standard","hentry"],"_links":{"self":[{"href":"https:\/\/www.scv-jugend.de\/index.php?rest_route=\/wp\/v2\/posts\/9608","targetHints":{"allow":["GET"]}}],"collection":[{"href":"https:\/\/www.scv-jugend.de\/index.php?rest_route=\/wp\/v2\/posts"}],"about":[{"href":"https:\/\/www.scv-jugend.de\/index.php?rest_route=\/wp\/v2\/types\/post"}],"author":[{"embeddable":true,"href":"https:\/\/www.scv-jugend.de\/index.php?rest_route=\/wp\/v2\/users\/50"}],"replies":[{"embeddable":true,"href":"https:\/\/www.scv-jugend.de\/index.php?rest_route=%2Fwp%2Fv2%2Fcomments&post=9608"}],"version-history":[{"count":2,"href":"https:\/\/www.scv-jugend.de\/index.php?rest_route=\/wp\/v2\/posts\/9608\/revisions"}],"predecessor-version":[{"id":9856,"href":"https:\/\/www.scv-jugend.de\/index.php?rest_route=\/wp\/v2\/posts\/9608\/revisions\/9856"}],"wp:attachment":[{"href":"https:\/\/www.scv-jugend.de\/index.php?rest_route=%2Fwp%2Fv2%2Fmedia&parent=9608"}],"wp:term":[{"taxonomy":"category","embeddable":true,"href":"https:\/\/www.scv-jugend.de\/index.php?rest_route=%2Fwp%2Fv2%2Fcategories&post=9608"},{"taxonomy":"post_tag","embeddable":true,"href":"https:\/\/www.scv-jugend.de\/index.php?rest_route=%2Fwp%2Fv2%2Ftags&post=9608"}],"curies":[{"name":"wp","href":"https:\/\/api.w.org\/{rel}","templated":true}]}}