{"id":9594,"date":"2023-09-09T13:26:22","date_gmt":"2023-09-09T11:26:22","guid":{"rendered":"https:\/\/www.scv-jugend.de\/?p=9594"},"modified":"2023-09-09T13:26:23","modified_gmt":"2023-09-09T11:26:23","slug":"aenderungen-der-jugendtrainingszeiten","status":"publish","type":"post","link":"https:\/\/www.scv-jugend.de\/?p=9594","title":{"rendered":"\u00c4nderungen der Jugendtrainingszeiten"},"content":{"rendered":"\n<p>Mit der neuen Saison werden wir die Jugendtrainingstermine \u00e4ndern.<br>Ich bitte um Ber\u00fccksichtigung:<\/p>\n\n\n\n<p>Wir haben aktuell drei Trainingssessions:<\/p>\n\n\n\n<ul class=\"wp-block-list\">\n<li>Do, 16:30 Uhr im OHA: aktuell feste Gruppe, Trainer: Stefans<\/li>\n\n\n\n<li>Do, 16:30 Uhr im Pfarrsaal. Trainer: Julian und Oliver (ggf. Andreas)<\/li>\n\n\n\n<li>Fr. 17:00 Uhr im Pfarrsaal, Trainer: Julian, Stefans (ggf. Suhel)<\/li>\n<\/ul>\n\n\n\n<p>Schl\u00fcsseltr\u00e4ger OHA: Torsten<br>Schl\u00fcsseltr\u00e4ger Pfarrsaal Neukeferloh: Julian und Suhel<\/p>\n\n\n\n<p>Bei Fragen kommt auf mich zu.<br>Begin der Trainings am 14.09. Das Training am 15.09. entf\u00e4llt, da wir das Sommerfest haben. Wir beginnen das Sommerfest um 17:00 Uhr mit dem Aufbau. Es sind alle Mitglieder und Familienangeh\u00f6rige eingeladen.<\/p>\n\n\n\n<p><br><\/p>\n","protected":false},"excerpt":{"rendered":"<p>Mit der neuen Saison werden wir die Jugendtrainingstermine \u00e4ndern.Ich bitte um Ber\u00fccksichtigung: Wir haben aktuell drei Trainingssessions: Schl\u00fcsseltr\u00e4ger OHA: TorstenSchl\u00fcsseltr\u00e4ger Pfarrsaal Neukeferloh: Julian und Suhel Bei Fragen kommt auf mich zu.Begin der Trainings am 14.09. Das Training am 15.09. entf\u00e4llt, &#8230; <a class=\"more-link\" href=\"https:\/\/www.scv-jugend.de\/?p=9594\">Read More &raquo;<\/a><\/p>\n","protected":false},"author":50,"featured_media":0,"comment_status":"closed","ping_status":"closed","sticky":false,"template":"","format":"standard","meta":{"footnotes":""},"categories":[],"tags":[],"class_list":["post-9594","post","type-post","status-publish","format-standard","hentry"],"_links":{"self":[{"href":"https:\/\/www.scv-jugend.de\/index.php?rest_route=\/wp\/v2\/posts\/9594","targetHints":{"allow":["GET"]}}],"collection":[{"href":"https:\/\/www.scv-jugend.de\/index.php?rest_route=\/wp\/v2\/posts"}],"about":[{"href":"https:\/\/www.scv-jugend.de\/index.php?rest_route=\/wp\/v2\/types\/post"}],"author":[{"embeddable":true,"href":"https:\/\/www.scv-jugend.de\/index.php?rest_route=\/wp\/v2\/users\/50"}],"replies":[{"embeddable":true,"href":"https:\/\/www.scv-jugend.de\/index.php?rest_route=%2Fwp%2Fv2%2Fcomments&post=9594"}],"version-history":[{"count":1,"href":"https:\/\/www.scv-jugend.de\/index.php?rest_route=\/wp\/v2\/posts\/9594\/revisions"}],"predecessor-version":[{"id":9595,"href":"https:\/\/www.scv-jugend.de\/index.php?rest_route=\/wp\/v2\/posts\/9594\/revisions\/9595"}],"wp:attachment":[{"href":"https:\/\/www.scv-jugend.de\/index.php?rest_route=%2Fwp%2Fv2%2Fmedia&parent=9594"}],"wp:term":[{"taxonomy":"category","embeddable":true,"href":"https:\/\/www.scv-jugend.de\/index.php?rest_route=%2Fwp%2Fv2%2Fcategories&post=9594"},{"taxonomy":"post_tag","embeddable":true,"href":"https:\/\/www.scv-jugend.de\/index.php?rest_route=%2Fwp%2Fv2%2Ftags&post=9594"}],"curies":[{"name":"wp","href":"https:\/\/api.w.org\/{rel}","templated":true}]}}