{"id":9446,"date":"2023-08-20T10:25:57","date_gmt":"2023-08-20T08:25:57","guid":{"rendered":"https:\/\/www.scv-jugend.de\/?p=9446"},"modified":"2023-08-20T10:25:58","modified_gmt":"2023-08-20T08:25:58","slug":"schachcamp-2023","status":"publish","type":"post","link":"https:\/\/www.scv-jugend.de\/?p=9446","title":{"rendered":"Schachcamp 2023"},"content":{"rendered":"\n<p>Mit 20 Teilnehmern konnte der Schachcamp wieder mit gro\u00dfen Erfolg durchgef\u00fchrt werden. Am Montag und am Mittwoch war noch schlechteres Wetter, dann stiegen die Temperaturen in eine angenehme H\u00f6he, so dass wir neben dem t\u00e4glichen Schachtraining und dem Schnellschachturnier weitere sch\u00f6ne Aktivit\u00e4ten durchgef\u00fchrt haben.<br><br><strong>&#8211; Schnellschachturnier<\/strong><br>Im Schnellschachturnier konnten sich alle nach den Schachtrainings bew\u00e4hren und zeigen was Sie gelernt haben. Im Schachtraining wurden folgende Themen besprochen:<br>&#8211; Gewinnen von Schachstellungen mit einer Figur mehr<br>&#8211; Endspiele<br>&#8211; Er\u00f6ffnungsfallen<br>&#8211; Taktiktraining<br><br>Im Wettkampf konnte folgendes Ergebnis erzielt werden:<\/p>\n\n\n\n<figure class=\"wp-block-image size-full is-resized\"><img loading=\"lazy\" decoding=\"async\" src=\"https:\/\/www.scv-jugend.de\/wp-content\/uploads\/image-43.png\" alt=\"\" class=\"wp-image-9576\" style=\"width:493px;height:377px\" width=\"493\" height=\"377\" srcset=\"https:\/\/www.scv-jugend.de\/wp-content\/uploads\/image-43.png 787w, https:\/\/www.scv-jugend.de\/wp-content\/uploads\/image-43-300x229.png 300w\" sizes=\"auto, (max-width: 493px) 100vw, 493px\" \/><\/figure>\n\n\n\n<p><br>Die diesj\u00e4hrigen Highlights waren:<br><br><strong>&#8211; Fu\u00dfballschach<\/strong><br>Bei diesem Spiel spielt man auf einem gesonderten Brett (siehe Abbildung<br>Die Regeln k\u00f6nnen zum Beispiel \u00fcber die Webseite <a href=\"http:\/\/www.fussballschach.de\/spiel.php\" data-type=\"link\" data-id=\"http:\/\/www.fussballschach.de\/spiel.php\">http:\/\/www.fussballschach.de\/spiel.php<\/a> durchgelesen werden.<\/p>\n\n\n\n<figure class=\"wp-block-image size-full is-resized\"><img loading=\"lazy\" decoding=\"async\" src=\"https:\/\/www.scv-jugend.de\/wp-content\/uploads\/image-41.png\" alt=\"\" class=\"wp-image-9574\" style=\"width:254px;height:200px\" width=\"254\" height=\"200\" srcset=\"https:\/\/www.scv-jugend.de\/wp-content\/uploads\/image-41.png 892w, https:\/\/www.scv-jugend.de\/wp-content\/uploads\/image-41-300x236.png 300w\" sizes=\"auto, (max-width: 254px) 100vw, 254px\" \/><\/figure>\n\n\n\n<p>Nach 5 Runden konnte sich Johann als Sieger durchsetzen.  <\/p>\n\n\n\n<figure class=\"wp-block-image size-full is-resized\"><img loading=\"lazy\" decoding=\"async\" src=\"https:\/\/www.scv-jugend.de\/wp-content\/uploads\/image-42.png\" alt=\"\" class=\"wp-image-9575\" style=\"width:483px;height:368px\" width=\"483\" height=\"368\" srcset=\"https:\/\/www.scv-jugend.de\/wp-content\/uploads\/image-42.png 782w, https:\/\/www.scv-jugend.de\/wp-content\/uploads\/image-42-300x229.png 300w\" sizes=\"auto, (max-width: 483px) 100vw, 483px\" \/><\/figure>\n\n\n\n<p><br><strong>&#8211; Minigolf<\/strong> (<a href=\"http:\/\/www.minigolf-vaterstetten.de\/\" data-type=\"link\" data-id=\"http:\/\/www.minigolf-vaterstetten.de\/\">http:\/\/www.minigolf-vaterstetten.de\/<\/a>)<br>Am Dienstag Nachmittag sind wir zum Minigolf gefahren. In 5 Gruppen \u00e0 4-5 Personen  haben wir versucht die kleine Kugel in das leicht gr\u00f6\u00dfere Loch mit einem Schl\u00e4ger zu bringen. Leider haben dort immer ein paar Hindernisse. Auch die kleinen Kinder konnten mit der Zeit eine deutliche Steigerung der Treffsicherheit verbuchen. Es hat mega viel Spa\u00df gemacht.<br>Hier sind einige Impressionen<br><\/p>\n\n\n\n<figure class=\"wp-block-image size-full is-resized\"><img loading=\"lazy\" decoding=\"async\" src=\"https:\/\/www.scv-jugend.de\/wp-content\/uploads\/image-44.png\" alt=\"\" class=\"wp-image-9577\" style=\"width:312px;height:233px\" width=\"312\" height=\"233\" srcset=\"https:\/\/www.scv-jugend.de\/wp-content\/uploads\/image-44.png 637w, https:\/\/www.scv-jugend.de\/wp-content\/uploads\/image-44-300x224.png 300w\" sizes=\"auto, (max-width: 312px) 100vw, 312px\" \/><\/figure>\n\n\n\n<figure class=\"wp-block-image size-full is-resized\"><img loading=\"lazy\" decoding=\"async\" src=\"https:\/\/www.scv-jugend.de\/wp-content\/uploads\/image-45.png\" alt=\"\" class=\"wp-image-9578\" style=\"width:319px;height:237px\" width=\"319\" height=\"237\" srcset=\"https:\/\/www.scv-jugend.de\/wp-content\/uploads\/image-45.png 646w, https:\/\/www.scv-jugend.de\/wp-content\/uploads\/image-45-300x223.png 300w\" sizes=\"auto, (max-width: 319px) 100vw, 319px\" \/><\/figure>\n\n\n\n<figure class=\"wp-block-image size-full is-resized\"><img loading=\"lazy\" decoding=\"async\" src=\"https:\/\/www.scv-jugend.de\/wp-content\/uploads\/image-46.png\" alt=\"\" class=\"wp-image-9579\" style=\"width:324px;height:241px\" width=\"324\" height=\"241\" srcset=\"https:\/\/www.scv-jugend.de\/wp-content\/uploads\/image-46.png 641w, https:\/\/www.scv-jugend.de\/wp-content\/uploads\/image-46-300x223.png 300w\" sizes=\"auto, (max-width: 324px) 100vw, 324px\" \/><\/figure>\n\n\n\n<p><strong>&#8211; Soccergolf<\/strong> (<a href=\"https:\/\/soccergolf-muenchen.de\/\">Home &#8211; Soccergolf M\u00fcnchen (soccergolf-muenchen.de)<\/a><br>Der Wettergott hatte uns bei der Terminauswahl unterst\u00fctzt.<br>Nachdem am Tag vorher schlechtes Wetter war, konnten wir an diesem Tag auf sch\u00f6nes Wetter freuen. Die vielen Locher, die wir mit einem Fu\u00dfball per Fu\u00df treffen mussten, sind weit weg. Teilweise mussten die B\u00e4lle 4 &#8211; 5 mal geschossen werden, bevor wir das Ziel erreichen k\u00f6nnten.<br>W\u00e4hrend der Aktivit\u00e4ten bekamen die Kinder eine Flasche mit einem Getr\u00e4nk, nachdem sie alle Aufgaben erf\u00fcllt hatten, konnte sich jeder mit einem leckeren Eis abk\u00fchlen.<br><br><strong>&#8211; Schachfilm <\/strong><br>Am Freitag haben wir zum Abschluss der ereignisreichen Woche den Schachfilm &#8222;Queen of Katwe&#8220; gesehen.<br>In diesem Film sieht man eine wahre Geschichte von einem M\u00e4dchen in Afrika, die in einer sehr armen Familie lebt und \u00fcber das Schachspielen aus dem Slam ausbricht und eine neue Welt kennenlernt. Die sozialen Konflikte werden in dem Film realistisch dargestellt. Ein Film, den man h\u00e4ufiger sehen sollte, um ihn vollumf\u00e4nglich verstehen zu k\u00f6nnen.<br><br><strong>&#8211; Fu\u00dfball spielen<\/strong><br>Neben dem Schachspielen ist der Ausgleich mit mit einem Bewegungssport wichtig. Auch in diesem Jahr konnten sich die Kinder im Fu\u00dfballspielen messen. Mit Andreas Falck hatten wir einen Fu\u00dfballtrainer, der die Kinder, die spielen wollten dabei begleitet hatte.<br>Hier ein paar Impressionen:<\/p>\n\n\n\n<figure class=\"wp-block-image size-large\"><img loading=\"lazy\" decoding=\"async\" width=\"1024\" height=\"543\" src=\"https:\/\/www.scv-jugend.de\/wp-content\/uploads\/image-48-1024x543.png\" alt=\"\" class=\"wp-image-9581\" srcset=\"https:\/\/www.scv-jugend.de\/wp-content\/uploads\/image-48-1024x543.png 1024w, https:\/\/www.scv-jugend.de\/wp-content\/uploads\/image-48-300x159.png 300w, https:\/\/www.scv-jugend.de\/wp-content\/uploads\/image-48-940x499.png 940w, https:\/\/www.scv-jugend.de\/wp-content\/uploads\/image-48.png 1048w\" sizes=\"auto, (max-width: 1024px) 100vw, 1024px\" \/><\/figure>\n\n\n\n<figure class=\"wp-block-image size-full\"><img loading=\"lazy\" decoding=\"async\" width=\"1007\" height=\"572\" src=\"https:\/\/www.scv-jugend.de\/wp-content\/uploads\/image-47.png\" alt=\"\" class=\"wp-image-9580\" srcset=\"https:\/\/www.scv-jugend.de\/wp-content\/uploads\/image-47.png 1007w, https:\/\/www.scv-jugend.de\/wp-content\/uploads\/image-47-300x170.png 300w, https:\/\/www.scv-jugend.de\/wp-content\/uploads\/image-47-940x534.png 940w\" sizes=\"auto, (max-width: 1007px) 100vw, 1007px\" \/><\/figure>\n\n\n\n<p><\/p>\n\n\n\n<p>&#8212;<strong>&#8212;&#8212;&#8212;&#8212;&#8212;&#8212;&#8212;&#8212;&#8212;&#8212;&#8212;&#8212;&#8212;&#8212;&#8212;&#8212;&#8212;&#8212;&#8212;&#8212;&#8212;&#8212;&#8212;&#8212;&#8212;&#8212;&#8212;&#8212;&#8212;&#8212;&#8212;&#8212;&#8212;&#8212;&#8212;&#8212;&#8212;&#8212;&#8212;&#8212;&#8212;&#8212;&#8212;&#8212;&#8212;-<\/strong>&#8211;<\/p>\n\n\n\n<p><\/p>\n\n\n\n<p><\/p>\n\n\n\n<p>Spiel, Spa\u00df und Spannung stehen im Schachcamp 2023 wieder im Vordergrund.<br>Die Kinder erhalten ein ihrem Kenntnisstand entsprechendes Schachtraining und spielen mit anderen Kindern in ihrem Alter und auf ihrem Spielniveau. Bewegungs-, Gesellschafts- und Konzentrationsspiele sowie sportliche Aktivit\u00e4ten sorgen f\u00fcr Abwechslung.  <br>Alle Trainer haben mindestens einen g\u00fcltigen C-Trainer Schein des Landessportbundes und haben langj\u00e4hrige Erfahrung mit der Betreuung und dem Training mit Kindern.<br>Sie sind in der Woche t\u00e4glich von 09:00 &#8211; 17:00 Uhr betreut und bekommen neben einem Mittagessen, dass frisch gekocht wird auch eine Kleinigkeit zum Nachmittag.<br><\/p>\n\n\n\n<p><strong>Summe Anmeldungen: <\/strong>20<br><br>Anbei die Ausschreibung mit allen Informationen und das Anmeldeformular.<\/p>\n\n\n\n<div data-wp-interactive=\"core\/file\" class=\"wp-block-file\"><object data-wp-bind--hidden=\"!state.hasPdfPreview\" hidden class=\"wp-block-file__embed\" data=\"https:\/\/www.scv-jugend.de\/wp-content\/uploads\/Ausschreibung-2.pdf\" type=\"application\/pdf\" style=\"width:100%;height:600px\" aria-label=\"Einbettung von Ausschreibung-2.\"><\/object><a id=\"wp-block-file--media-a550602e-315b-48ca-b8a4-df2aa7c8df00\" href=\"https:\/\/www.scv-jugend.de\/wp-content\/uploads\/Ausschreibung-2.pdf\">Ausschreibung-2<\/a><a href=\"https:\/\/www.scv-jugend.de\/wp-content\/uploads\/Ausschreibung-2.pdf\" class=\"wp-block-file__button wp-element-button\" download aria-describedby=\"wp-block-file--media-a550602e-315b-48ca-b8a4-df2aa7c8df00\">Herunterladen<\/a><\/div>\n\n\n\n<p><\/p>\n\n\n\n<div data-wp-interactive=\"core\/file\" class=\"wp-block-file\"><object data-wp-bind--hidden=\"!state.hasPdfPreview\" hidden class=\"wp-block-file__embed\" data=\"https:\/\/www.scv-jugend.de\/wp-content\/uploads\/Anmeldeformular-1.pdf\" type=\"application\/pdf\" style=\"width:100%;height:600px\" aria-label=\"Einbettung von Anmeldeformular.\"><\/object><a id=\"wp-block-file--media-ec2b3f12-9276-42aa-9dc0-6a9a2075b39c\" href=\"https:\/\/www.scv-jugend.de\/wp-content\/uploads\/Anmeldeformular-1.pdf\">Anmeldeformular<\/a><a href=\"https:\/\/www.scv-jugend.de\/wp-content\/uploads\/Anmeldeformular-1.pdf\" class=\"wp-block-file__button wp-element-button\" download aria-describedby=\"wp-block-file--media-ec2b3f12-9276-42aa-9dc0-6a9a2075b39c\">Herunterladen<\/a><\/div>\n","protected":false},"excerpt":{"rendered":"<p>Mit 20 Teilnehmern konnte der Schachcamp wieder mit gro\u00dfen Erfolg durchgef\u00fchrt werden. Am Montag und am Mittwoch war noch schlechteres Wetter, dann stiegen die Temperaturen in eine angenehme H\u00f6he, so dass wir neben dem t\u00e4glichen Schachtraining und dem Schnellschachturnier weitere &#8230; <a class=\"more-link\" href=\"https:\/\/www.scv-jugend.de\/?p=9446\">Read More &raquo;<\/a><\/p>\n","protected":false},"author":50,"featured_media":0,"comment_status":"closed","ping_status":"closed","sticky":false,"template":"","format":"standard","meta":{"footnotes":""},"categories":[],"tags":[],"class_list":["post-9446","post","type-post","status-publish","format-standard","hentry"],"_links":{"self":[{"href":"https:\/\/www.scv-jugend.de\/index.php?rest_route=\/wp\/v2\/posts\/9446","targetHints":{"allow":["GET"]}}],"collection":[{"href":"https:\/\/www.scv-jugend.de\/index.php?rest_route=\/wp\/v2\/posts"}],"about":[{"href":"https:\/\/www.scv-jugend.de\/index.php?rest_route=\/wp\/v2\/types\/post"}],"author":[{"embeddable":true,"href":"https:\/\/www.scv-jugend.de\/index.php?rest_route=\/wp\/v2\/users\/50"}],"replies":[{"embeddable":true,"href":"https:\/\/www.scv-jugend.de\/index.php?rest_route=%2Fwp%2Fv2%2Fcomments&post=9446"}],"version-history":[{"count":9,"href":"https:\/\/www.scv-jugend.de\/index.php?rest_route=\/wp\/v2\/posts\/9446\/revisions"}],"predecessor-version":[{"id":9582,"href":"https:\/\/www.scv-jugend.de\/index.php?rest_route=\/wp\/v2\/posts\/9446\/revisions\/9582"}],"wp:attachment":[{"href":"https:\/\/www.scv-jugend.de\/index.php?rest_route=%2Fwp%2Fv2%2Fmedia&parent=9446"}],"wp:term":[{"taxonomy":"category","embeddable":true,"href":"https:\/\/www.scv-jugend.de\/index.php?rest_route=%2Fwp%2Fv2%2Fcategories&post=9446"},{"taxonomy":"post_tag","embeddable":true,"href":"https:\/\/www.scv-jugend.de\/index.php?rest_route=%2Fwp%2Fv2%2Ftags&post=9446"}],"curies":[{"name":"wp","href":"https:\/\/api.w.org\/{rel}","templated":true}]}}