{"id":94,"date":"2007-12-22T13:34:00","date_gmt":"2007-12-22T13:34:00","guid":{"rendered":"http:\/\/wordpress.cylusion.local\/?p=94"},"modified":"2007-12-22T13:34:00","modified_gmt":"2007-12-22T13:34:00","slug":"spass-im-alpamare","status":"publish","type":"post","link":"https:\/\/www.scv-jugend.de\/?p=94","title":{"rendered":"Spa\u00df im Alpamare"},"content":{"rendered":"<p>Die Schachspieler hatten viel Spa\u00df nach der Weihnachtsfeier im Alpamare in Bad T\u00f6lz. Schade nur, dass Martin Patz krank wurde, gute Besserung! Die nachtr\u00e4glichen Weihnachtsgeschenke gibt es erst Ende Januar.<br \/>\nAm Freitag, 11. Januar geht das Jugendtraining wieder wetier.  <\/p>\n","protected":false},"excerpt":{"rendered":"<p>Die Schachspieler hatten viel Spa\u00df nach der Weihnachtsfeier im Alpamare in Bad T\u00f6lz. Schade nur, dass Martin Patz krank wurde, gute Besserung! Die nachtr\u00e4glichen Weihnachtsgeschenke gibt es erst Ende Januar. Am Freitag, 11. Januar geht das Jugendtraining wieder wetier.<\/p>\n","protected":false},"author":1,"featured_media":0,"comment_status":"open","ping_status":"closed","sticky":false,"template":"","format":"standard","meta":{"footnotes":""},"categories":[],"tags":[],"class_list":["post-94","post","type-post","status-publish","format-standard","hentry"],"_links":{"self":[{"href":"https:\/\/www.scv-jugend.de\/index.php?rest_route=\/wp\/v2\/posts\/94","targetHints":{"allow":["GET"]}}],"collection":[{"href":"https:\/\/www.scv-jugend.de\/index.php?rest_route=\/wp\/v2\/posts"}],"about":[{"href":"https:\/\/www.scv-jugend.de\/index.php?rest_route=\/wp\/v2\/types\/post"}],"author":[{"embeddable":true,"href":"https:\/\/www.scv-jugend.de\/index.php?rest_route=\/wp\/v2\/users\/1"}],"replies":[{"embeddable":true,"href":"https:\/\/www.scv-jugend.de\/index.php?rest_route=%2Fwp%2Fv2%2Fcomments&post=94"}],"version-history":[{"count":0,"href":"https:\/\/www.scv-jugend.de\/index.php?rest_route=\/wp\/v2\/posts\/94\/revisions"}],"wp:attachment":[{"href":"https:\/\/www.scv-jugend.de\/index.php?rest_route=%2Fwp%2Fv2%2Fmedia&parent=94"}],"wp:term":[{"taxonomy":"category","embeddable":true,"href":"https:\/\/www.scv-jugend.de\/index.php?rest_route=%2Fwp%2Fv2%2Fcategories&post=94"},{"taxonomy":"post_tag","embeddable":true,"href":"https:\/\/www.scv-jugend.de\/index.php?rest_route=%2Fwp%2Fv2%2Ftags&post=94"}],"curies":[{"name":"wp","href":"https:\/\/api.w.org\/{rel}","templated":true}]}}