{"id":9349,"date":"2023-01-15T17:57:28","date_gmt":"2023-01-15T15:57:28","guid":{"rendered":"https:\/\/www.scv-jugend.de\/?p=9349"},"modified":"2023-01-16T05:20:04","modified_gmt":"2023-01-16T03:20:04","slug":"jahresbeginn-feier-am-13-01-2023","status":"publish","type":"post","link":"https:\/\/www.scv-jugend.de\/?p=9349","title":{"rendered":"Jahresbeginn-Feier am 13.01.2023"},"content":{"rendered":"\n<p>Viele Vereine und Organisationen f\u00fchren eine Weihnachtsfeier durch. Wir nicht !<br>Unsere Feier l\u00e4utet das Jahr 2023 ein. Am &#8222;historischen&#8220; ersten Freitag dem 13., im Jahr 2023, konnten wir eine gelungene Feier ohne Zwischenf\u00e4lle veranstalten.<\/p>\n\n\n\n<p>Der neue Vorstand (1. Vorsitzender Suhel, 2. Vorsitzender Andreas und Kassierer Gerry) luden alle Vereinsmitglieder unseres Schachklubs und alle Mitglieder des befreundeten Schachklubs Zorneding ein, einen gemeinsamen Abend zu begehen.<br>Nach einer kleinen Pr\u00e4sentation \u00fcber die k\u00fcnftige Ausrichtung des Vereins konnten sich alle am bereitgestellten B\u00fcfett und der vom Verein gesponserten Getr\u00e4nke f\u00fcr das darauffolgende Blitzturnier mit der Bedenkzeit von 5 Minuten + 5 Sekunden Inkrement st\u00e4rken.<br><\/p>\n\n\n\n<div data-wp-interactive=\"core\/file\" class=\"wp-block-file\"><object data-wp-bind--hidden=\"!state.hasPdfPreview\" hidden class=\"wp-block-file__embed\" data=\"https:\/\/www.scv-jugend.de\/wp-content\/uploads\/20230113_Praesentation-Vorstand_v1.0-1.pdf\" type=\"application\/pdf\" style=\"width:100%;height:600px\" aria-label=\"Einbettung von 20230113_Praesentation-Vorstand_v1.0-1.\"><\/object><a id=\"wp-block-file--media-12dd5662-a2ae-4f5c-9001-2f0b244494c7\" href=\"https:\/\/www.scv-jugend.de\/wp-content\/uploads\/20230113_Praesentation-Vorstand_v1.0-1.pdf\">20230113_Praesentation-Vorstand_v1.0-1<\/a><a href=\"https:\/\/www.scv-jugend.de\/wp-content\/uploads\/20230113_Praesentation-Vorstand_v1.0-1.pdf\" class=\"wp-block-file__button wp-element-button\" download aria-describedby=\"wp-block-file--media-12dd5662-a2ae-4f5c-9001-2f0b244494c7\">Herunterladen<\/a><\/div>\n\n\n\n<p><\/p>\n\n\n\n<p>Gekommen sind etwa 40 Schachfreunde und -freundinnen. Auch viele Eltern der Kinder haben beim Turnier mitspielt. Hier einige Eindr\u00fccke von der gelungenen Feier:<\/p>\n\n\n\n<div class=\"wp-block-columns is-layout-flex wp-container-core-columns-is-layout-28f84493 wp-block-columns-is-layout-flex\">\n<div class=\"wp-block-column is-layout-flow wp-block-column-is-layout-flow\" style=\"flex-basis:100%\">\n<div class=\"wp-block-columns are-vertically-aligned-top is-layout-flex wp-container-core-columns-is-layout-28f84493 wp-block-columns-is-layout-flex\">\n<div class=\"wp-block-column is-layout-flow wp-block-column-is-layout-flow\">\n<figure class=\"wp-block-image size-large\"><img loading=\"lazy\" decoding=\"async\" width=\"1024\" height=\"768\" src=\"https:\/\/www.scv-jugend.de\/wp-content\/uploads\/20230113_180809-2-1024x768.jpg\" alt=\"\" class=\"wp-image-9372\" srcset=\"https:\/\/www.scv-jugend.de\/wp-content\/uploads\/20230113_180809-2-1024x768.jpg 1024w, https:\/\/www.scv-jugend.de\/wp-content\/uploads\/20230113_180809-2-300x225.jpg 300w, https:\/\/www.scv-jugend.de\/wp-content\/uploads\/20230113_180809-2-1536x1152.jpg 1536w, https:\/\/www.scv-jugend.de\/wp-content\/uploads\/20230113_180809-2-2048x1536.jpg 2048w, https:\/\/www.scv-jugend.de\/wp-content\/uploads\/20230113_180809-2-940x705.jpg 940w\" sizes=\"auto, (max-width: 1024px) 100vw, 1024px\" \/><\/figure>\n<\/div>\n\n\n\n<div class=\"wp-block-column is-layout-flow wp-block-column-is-layout-flow\">\n<figure class=\"wp-block-image size-large\"><img loading=\"lazy\" decoding=\"async\" width=\"1024\" height=\"768\" src=\"https:\/\/www.scv-jugend.de\/wp-content\/uploads\/20230113_180802-2-1024x768.jpg\" alt=\"\" class=\"wp-image-9373\" srcset=\"https:\/\/www.scv-jugend.de\/wp-content\/uploads\/20230113_180802-2-1024x768.jpg 1024w, https:\/\/www.scv-jugend.de\/wp-content\/uploads\/20230113_180802-2-300x225.jpg 300w, https:\/\/www.scv-jugend.de\/wp-content\/uploads\/20230113_180802-2-1536x1152.jpg 1536w, https:\/\/www.scv-jugend.de\/wp-content\/uploads\/20230113_180802-2-2048x1536.jpg 2048w, https:\/\/www.scv-jugend.de\/wp-content\/uploads\/20230113_180802-2-940x705.jpg 940w\" sizes=\"auto, (max-width: 1024px) 100vw, 1024px\" \/><\/figure>\n<\/div>\n<\/div>\n<\/div>\n<\/div>\n\n\n\n<div class=\"wp-block-columns is-layout-flex wp-container-core-columns-is-layout-28f84493 wp-block-columns-is-layout-flex\">\n<div class=\"wp-block-column is-layout-flow wp-block-column-is-layout-flow\" style=\"flex-basis:100%\">\n<div class=\"wp-block-group is-layout-constrained wp-block-group-is-layout-constrained\">\n<div class=\"wp-block-columns is-layout-flex wp-container-core-columns-is-layout-28f84493 wp-block-columns-is-layout-flex\">\n<div class=\"wp-block-column is-layout-flow wp-block-column-is-layout-flow\" style=\"flex-basis:100%\">\n<div class=\"wp-block-columns is-layout-flex wp-container-core-columns-is-layout-28f84493 wp-block-columns-is-layout-flex\">\n<div class=\"wp-block-column is-layout-flow wp-block-column-is-layout-flow\">\n<figure class=\"wp-block-image size-large\"><img loading=\"lazy\" decoding=\"async\" width=\"1024\" height=\"768\" src=\"https:\/\/www.scv-jugend.de\/wp-content\/uploads\/20230113_180821-1-1024x768.jpg\" alt=\"\" class=\"wp-image-9374\" srcset=\"https:\/\/www.scv-jugend.de\/wp-content\/uploads\/20230113_180821-1-1024x768.jpg 1024w, https:\/\/www.scv-jugend.de\/wp-content\/uploads\/20230113_180821-1-300x225.jpg 300w, https:\/\/www.scv-jugend.de\/wp-content\/uploads\/20230113_180821-1-1536x1152.jpg 1536w, https:\/\/www.scv-jugend.de\/wp-content\/uploads\/20230113_180821-1-2048x1536.jpg 2048w, https:\/\/www.scv-jugend.de\/wp-content\/uploads\/20230113_180821-1-940x705.jpg 940w\" sizes=\"auto, (max-width: 1024px) 100vw, 1024px\" \/><\/figure>\n<\/div>\n\n\n\n<div class=\"wp-block-column is-layout-flow wp-block-column-is-layout-flow\">\n<figure class=\"wp-block-image size-large\"><img loading=\"lazy\" decoding=\"async\" width=\"1024\" height=\"768\" src=\"https:\/\/www.scv-jugend.de\/wp-content\/uploads\/20230113_210334-2-1024x768.jpg\" alt=\"\" class=\"wp-image-9375\" srcset=\"https:\/\/www.scv-jugend.de\/wp-content\/uploads\/20230113_210334-2-1024x768.jpg 1024w, https:\/\/www.scv-jugend.de\/wp-content\/uploads\/20230113_210334-2-300x225.jpg 300w, https:\/\/www.scv-jugend.de\/wp-content\/uploads\/20230113_210334-2-1536x1152.jpg 1536w, https:\/\/www.scv-jugend.de\/wp-content\/uploads\/20230113_210334-2-2048x1536.jpg 2048w, https:\/\/www.scv-jugend.de\/wp-content\/uploads\/20230113_210334-2-940x705.jpg 940w\" sizes=\"auto, (max-width: 1024px) 100vw, 1024px\" \/><\/figure>\n<\/div>\n<\/div>\n<\/div>\n<\/div>\n<\/div>\n<\/div>\n<\/div>\n\n\n\n<div class=\"wp-block-columns is-layout-flex wp-container-core-columns-is-layout-28f84493 wp-block-columns-is-layout-flex\">\n<div class=\"wp-block-column is-layout-flow wp-block-column-is-layout-flow\" style=\"flex-basis:100%\">\n<div class=\"wp-block-columns is-layout-flex wp-container-core-columns-is-layout-28f84493 wp-block-columns-is-layout-flex\">\n<div class=\"wp-block-column is-layout-flow wp-block-column-is-layout-flow\">\n<figure class=\"wp-block-image size-large\"><img loading=\"lazy\" decoding=\"async\" width=\"1024\" height=\"768\" src=\"https:\/\/www.scv-jugend.de\/wp-content\/uploads\/20230113_210342-2-1024x768.jpg\" alt=\"\" class=\"wp-image-9376\" srcset=\"https:\/\/www.scv-jugend.de\/wp-content\/uploads\/20230113_210342-2-1024x768.jpg 1024w, https:\/\/www.scv-jugend.de\/wp-content\/uploads\/20230113_210342-2-300x225.jpg 300w, https:\/\/www.scv-jugend.de\/wp-content\/uploads\/20230113_210342-2-1536x1152.jpg 1536w, https:\/\/www.scv-jugend.de\/wp-content\/uploads\/20230113_210342-2-2048x1536.jpg 2048w, https:\/\/www.scv-jugend.de\/wp-content\/uploads\/20230113_210342-2-940x705.jpg 940w\" sizes=\"auto, (max-width: 1024px) 100vw, 1024px\" \/><\/figure>\n<\/div>\n\n\n\n<div class=\"wp-block-column is-layout-flow wp-block-column-is-layout-flow\">\n<figure class=\"wp-block-image size-large\"><img loading=\"lazy\" decoding=\"async\" width=\"1024\" height=\"768\" src=\"https:\/\/www.scv-jugend.de\/wp-content\/uploads\/20230113_210350-1-1024x768.jpg\" alt=\"\" class=\"wp-image-9377\" srcset=\"https:\/\/www.scv-jugend.de\/wp-content\/uploads\/20230113_210350-1-1024x768.jpg 1024w, https:\/\/www.scv-jugend.de\/wp-content\/uploads\/20230113_210350-1-300x225.jpg 300w, https:\/\/www.scv-jugend.de\/wp-content\/uploads\/20230113_210350-1-1536x1152.jpg 1536w, https:\/\/www.scv-jugend.de\/wp-content\/uploads\/20230113_210350-1-2048x1536.jpg 2048w, https:\/\/www.scv-jugend.de\/wp-content\/uploads\/20230113_210350-1-940x705.jpg 940w\" sizes=\"auto, (max-width: 1024px) 100vw, 1024px\" \/><\/figure>\n<\/div>\n<\/div>\n<\/div>\n<\/div>\n\n\n\n<div class=\"wp-block-group is-layout-constrained wp-block-group-is-layout-constrained\">\n<div class=\"wp-block-columns is-layout-flex wp-container-core-columns-is-layout-28f84493 wp-block-columns-is-layout-flex\">\n<div class=\"wp-block-column is-layout-flow wp-block-column-is-layout-flow\">\n<figure class=\"wp-block-image size-large\"><img loading=\"lazy\" decoding=\"async\" width=\"1024\" height=\"768\" src=\"https:\/\/www.scv-jugend.de\/wp-content\/uploads\/20230113_210400-2-1024x768.jpg\" alt=\"\" class=\"wp-image-9378\" srcset=\"https:\/\/www.scv-jugend.de\/wp-content\/uploads\/20230113_210400-2-1024x768.jpg 1024w, https:\/\/www.scv-jugend.de\/wp-content\/uploads\/20230113_210400-2-300x225.jpg 300w, https:\/\/www.scv-jugend.de\/wp-content\/uploads\/20230113_210400-2-1536x1152.jpg 1536w, https:\/\/www.scv-jugend.de\/wp-content\/uploads\/20230113_210400-2-2048x1536.jpg 2048w, https:\/\/www.scv-jugend.de\/wp-content\/uploads\/20230113_210400-2-940x705.jpg 940w\" sizes=\"auto, (max-width: 1024px) 100vw, 1024px\" \/><\/figure>\n<\/div>\n\n\n\n<div class=\"wp-block-column is-layout-flow wp-block-column-is-layout-flow\">\n<figure class=\"wp-block-image size-full\"><img loading=\"lazy\" decoding=\"async\" width=\"640\" height=\"480\" src=\"https:\/\/www.scv-jugend.de\/wp-content\/uploads\/IMG_2238-2.jpg\" alt=\"\" class=\"wp-image-9379\" srcset=\"https:\/\/www.scv-jugend.de\/wp-content\/uploads\/IMG_2238-2.jpg 640w, https:\/\/www.scv-jugend.de\/wp-content\/uploads\/IMG_2238-2-300x225.jpg 300w\" sizes=\"auto, (max-width: 640px) 100vw, 640px\" \/><\/figure>\n<\/div>\n<\/div>\n<\/div>\n\n\n\n<p>Wir spielten insgesamt 6 Runden. 17 Kinder und 10 Erwachsene nahmen teil. Das j\u00fcngste Kind mit 4 Jahren war Aaron Idris Falck, der \u00fcberraschend 3,5 Punkte erspielte.<br>Lars Goldbeck (FM) und Oliver Schumann (DWZ &gt; 2000) konnten die ersten beiden Pl\u00e4tze nicht streitig gemacht werden. Der beste Vater (vereinlos) war Ruixi Wu, mit guten 4 gewonnenen Partien.<br>Herzlichen Gl\u00fcckwunsch an alle Teilnehmenden. <\/p>\n\n\n\n<figure class=\"wp-block-image size-full\"><img loading=\"lazy\" decoding=\"async\" width=\"661\" height=\"817\" src=\"https:\/\/www.scv-jugend.de\/wp-content\/uploads\/Vereinsfeier-2023-am-13.01.2023.png\" alt=\"\" class=\"wp-image-9380\" srcset=\"https:\/\/www.scv-jugend.de\/wp-content\/uploads\/Vereinsfeier-2023-am-13.01.2023.png 661w, https:\/\/www.scv-jugend.de\/wp-content\/uploads\/Vereinsfeier-2023-am-13.01.2023-243x300.png 243w\" sizes=\"auto, (max-width: 661px) 100vw, 661px\" \/><\/figure>\n\n\n\n<p>Vielen Dank f\u00fcr die tolle Teilnahme.<br>Besonderen Dank an alle, die etwas zum Essen mitgebracht haben und an alle, die beim Aufbau und Abbau geholfen haben. <br><br>Wie schon in der Pr\u00e4sentation erw\u00e4hnt, k\u00f6nnen auch die Eltern die Lust am Schachspielen haben, zusammen mit ihren Kinder neue Erfahrungen und Erfolge bei den vielen Aktivit\u00e4ten sammeln.<br><br>Euer Vorstand<br><\/p>\n\n\n\n<p><\/p>\n\n\n\n<p><\/p>\n\n\n\n<p><\/p>\n\n\n\n<p><\/p>\n","protected":false},"excerpt":{"rendered":"<p>Viele Vereine und Organisationen f\u00fchren eine Weihnachtsfeier durch. Wir nicht !Unsere Feier l\u00e4utet das Jahr 2023 ein. Am &#8222;historischen&#8220; ersten Freitag dem 13., im Jahr 2023, konnten wir eine gelungene Feier ohne Zwischenf\u00e4lle veranstalten. Der neue Vorstand (1. Vorsitzender Suhel, &#8230; <a class=\"more-link\" href=\"https:\/\/www.scv-jugend.de\/?p=9349\">Read More &raquo;<\/a><\/p>\n","protected":false},"author":50,"featured_media":0,"comment_status":"closed","ping_status":"closed","sticky":false,"template":"","format":"standard","meta":{"footnotes":""},"categories":[],"tags":[],"class_list":["post-9349","post","type-post","status-publish","format-standard","hentry"],"_links":{"self":[{"href":"https:\/\/www.scv-jugend.de\/index.php?rest_route=\/wp\/v2\/posts\/9349","targetHints":{"allow":["GET"]}}],"collection":[{"href":"https:\/\/www.scv-jugend.de\/index.php?rest_route=\/wp\/v2\/posts"}],"about":[{"href":"https:\/\/www.scv-jugend.de\/index.php?rest_route=\/wp\/v2\/types\/post"}],"author":[{"embeddable":true,"href":"https:\/\/www.scv-jugend.de\/index.php?rest_route=\/wp\/v2\/users\/50"}],"replies":[{"embeddable":true,"href":"https:\/\/www.scv-jugend.de\/index.php?rest_route=%2Fwp%2Fv2%2Fcomments&post=9349"}],"version-history":[{"count":7,"href":"https:\/\/www.scv-jugend.de\/index.php?rest_route=\/wp\/v2\/posts\/9349\/revisions"}],"predecessor-version":[{"id":9399,"href":"https:\/\/www.scv-jugend.de\/index.php?rest_route=\/wp\/v2\/posts\/9349\/revisions\/9399"}],"wp:attachment":[{"href":"https:\/\/www.scv-jugend.de\/index.php?rest_route=%2Fwp%2Fv2%2Fmedia&parent=9349"}],"wp:term":[{"taxonomy":"category","embeddable":true,"href":"https:\/\/www.scv-jugend.de\/index.php?rest_route=%2Fwp%2Fv2%2Fcategories&post=9349"},{"taxonomy":"post_tag","embeddable":true,"href":"https:\/\/www.scv-jugend.de\/index.php?rest_route=%2Fwp%2Fv2%2Ftags&post=9349"}],"curies":[{"name":"wp","href":"https:\/\/api.w.org\/{rel}","templated":true}]}}