{"id":9322,"date":"2022-12-04T18:35:48","date_gmt":"2022-12-04T16:35:48","guid":{"rendered":"https:\/\/www.scv-jugend.de\/?p=9322"},"modified":"2022-12-04T18:35:48","modified_gmt":"2022-12-04T16:35:48","slug":"vereinsfeier-am-freitag-13-1-2023","status":"publish","type":"post","link":"https:\/\/www.scv-jugend.de\/?p=9322","title":{"rendered":"Vereinsfeier am Freitag 13.1.2023"},"content":{"rendered":"\n<p>Liebe Vereinsmitglieder, liebe Eltern unserer schachbegeisterten Kinder,<\/p>\n\n\n\n<p>zum Start des neues Jahres m\u00f6chten wir Euch sehr herzlich zu unserer Vereinsfeier einladen.<\/p>\n\n\n\n<p>Ort: \tPfarrsaal Neukeferloh in der Saarlandstra\u00dfe 10<\/p>\n\n\n\n<p>Datum: 13. Januar 2023 von 17.30-21.00<\/p>\n\n\n\n<p>Neben einer Feier mit Essen, Getr\u00e4nken und geselligem Beisammensein w\u00fcrden wir gern ein Schnellschach-Turnier f\u00fcr alle Erwachsenen, Jugendlichen und Kinder durchf\u00fchren. Zur Feier und zum Schnellschach-Turnier laden wir unsere Sportsfreunde aus Zorneding mit ein.<\/p>\n\n\n\n<p>Tragt Euch dazu doch bitte zur besseren Planung unter folgendem Link bei Doodle bis zum 18.12.2022 ein, <strong>ob ihr zur Feier kommen wollt:<\/strong><\/p>\n\n\n\n<p><a href=\"https:\/\/doodle.com\/meeting\/participate\/id\/aK1VrrMd\">https:\/\/doodle.com\/meeting\/participate\/id\/aK1VrrMd<\/a><\/p>\n\n\n\n<p>Wer an dem <strong>Schnellschach-Turnier <\/strong>teilnehmen m\u00f6chte, tr\u00e4gt ich bitte unter folgendem Link ein:<\/p>\n\n\n\n<p><a href=\"https:\/\/doodle.com\/meeting\/participate\/id\/boVg2Q3a\">https:\/\/doodle.com\/meeting\/participate\/id\/boVg2Q3a<\/a><\/p>\n\n\n\n<p>Lasst Andreas auch gern zukommen, wer etwas von den Speisen vorbereiten und mitbringen bzw. am dem Tag selbst mithelfen m\u00f6chte und k\u00f6nnte, damit es eine gelungene Feier wird.<\/p>\n\n\n\n<p>Wir freuen uns darauf mit Euch das neue Jahr bei der Gelegenheit zu starten und ein sch\u00f6nes Fest in unserer Gemeinschaft zu feiern.&nbsp;<\/p>\n\n\n\n<p>Bei R\u00fcckfragen oder Anregungen k\u00f6nnt ihr euch gern bei Andreas Falck per Mail oder telefonisch melden (<a href=\"mailto:falckandreas@icloud.com\">falckandreas@icloud.com<\/a> \/ 0176 634 70 208).<\/p>\n\n\n\n<p>Beste Gr\u00fc\u00dfe<\/p>\n\n\n\n<p>   Suhel Abdalla                        Andreas Falck                            Gerry Steinberger<\/p>\n\n\n\n<p>(1. Vorsitzender)                     (2. Vorsitzender)                                  (Kassier)<br><\/p>\n","protected":false},"excerpt":{"rendered":"<p>Liebe Vereinsmitglieder, liebe Eltern unserer schachbegeisterten Kinder, zum Start des neues Jahres m\u00f6chten wir Euch sehr herzlich zu unserer Vereinsfeier einladen. Ort: Pfarrsaal Neukeferloh in der Saarlandstra\u00dfe 10 Datum: 13. Januar 2023 von 17.30-21.00 Neben einer Feier mit Essen, Getr\u00e4nken &#8230; <a class=\"more-link\" href=\"https:\/\/www.scv-jugend.de\/?p=9322\">Read More &raquo;<\/a><\/p>\n","protected":false},"author":60,"featured_media":0,"comment_status":"closed","ping_status":"closed","sticky":false,"template":"","format":"standard","meta":{"footnotes":""},"categories":[],"tags":[],"class_list":["post-9322","post","type-post","status-publish","format-standard","hentry"],"_links":{"self":[{"href":"https:\/\/www.scv-jugend.de\/index.php?rest_route=\/wp\/v2\/posts\/9322","targetHints":{"allow":["GET"]}}],"collection":[{"href":"https:\/\/www.scv-jugend.de\/index.php?rest_route=\/wp\/v2\/posts"}],"about":[{"href":"https:\/\/www.scv-jugend.de\/index.php?rest_route=\/wp\/v2\/types\/post"}],"author":[{"embeddable":true,"href":"https:\/\/www.scv-jugend.de\/index.php?rest_route=\/wp\/v2\/users\/60"}],"replies":[{"embeddable":true,"href":"https:\/\/www.scv-jugend.de\/index.php?rest_route=%2Fwp%2Fv2%2Fcomments&post=9322"}],"version-history":[{"count":1,"href":"https:\/\/www.scv-jugend.de\/index.php?rest_route=\/wp\/v2\/posts\/9322\/revisions"}],"predecessor-version":[{"id":9323,"href":"https:\/\/www.scv-jugend.de\/index.php?rest_route=\/wp\/v2\/posts\/9322\/revisions\/9323"}],"wp:attachment":[{"href":"https:\/\/www.scv-jugend.de\/index.php?rest_route=%2Fwp%2Fv2%2Fmedia&parent=9322"}],"wp:term":[{"taxonomy":"category","embeddable":true,"href":"https:\/\/www.scv-jugend.de\/index.php?rest_route=%2Fwp%2Fv2%2Fcategories&post=9322"},{"taxonomy":"post_tag","embeddable":true,"href":"https:\/\/www.scv-jugend.de\/index.php?rest_route=%2Fwp%2Fv2%2Ftags&post=9322"}],"curies":[{"name":"wp","href":"https:\/\/api.w.org\/{rel}","templated":true}]}}