{"id":9284,"date":"2022-11-20T15:32:30","date_gmt":"2022-11-20T13:32:30","guid":{"rendered":"https:\/\/www.scv-jugend.de\/?p=9284"},"modified":"2022-11-20T15:47:07","modified_gmt":"2022-11-20T13:47:07","slug":"offene-muenchner-blitzschacheinzelmeisterschaft-2022","status":"publish","type":"post","link":"https:\/\/www.scv-jugend.de\/?p=9284","title":{"rendered":"Offene M\u00fcnchner Blitzschacheinzelmeisterschaft 2022"},"content":{"rendered":"\n<p>Mit einem Teilnehmer-Rekord von 42 Teilnehmer fand heute am 20.11.22 das offene M\u00fcnchner  Blitzeinzelmeisterschaft statt.<br>Mit einer guten Turnieratmosph\u00e4re konnten wir als Ausrichter voll punkten. Mit dem gro\u00dfen Saal und einem gut sortierten Catering trugen wir zum Gelingen der Meisterschaft bei.<\/p>\n\n\n\n<ul class=\"wp-block-gallery columns-3 is-cropped wp-block-gallery-1 is-layout-flex wp-block-gallery-is-layout-flex\"><li class=\"blocks-gallery-item\"><figure><img loading=\"lazy\" decoding=\"async\" width=\"1024\" height=\"719\" src=\"https:\/\/www.scv-jugend.de\/wp-content\/uploads\/Inptression-1-1024x719.png\" alt=\"\" data-id=\"9305\" data-link=\"https:\/\/www.scv-jugend.de\/?attachment_id=9305\" class=\"wp-image-9305\" srcset=\"https:\/\/www.scv-jugend.de\/wp-content\/uploads\/Inptression-1-1024x719.png 1024w, https:\/\/www.scv-jugend.de\/wp-content\/uploads\/Inptression-1-300x211.png 300w, https:\/\/www.scv-jugend.de\/wp-content\/uploads\/Inptression-1-940x660.png 940w, https:\/\/www.scv-jugend.de\/wp-content\/uploads\/Inptression-1.png 1233w\" sizes=\"auto, (max-width: 1024px) 100vw, 1024px\" \/><figcaption>Impression<\/figcaption><\/figure><\/li><li class=\"blocks-gallery-item\"><figure><img loading=\"lazy\" decoding=\"async\" width=\"701\" height=\"922\" src=\"https:\/\/www.scv-jugend.de\/wp-content\/uploads\/Inptression-3.png\" alt=\"\" data-id=\"9307\" data-link=\"https:\/\/www.scv-jugend.de\/?attachment_id=9307\" class=\"wp-image-9307\" srcset=\"https:\/\/www.scv-jugend.de\/wp-content\/uploads\/Inptression-3.png 701w, https:\/\/www.scv-jugend.de\/wp-content\/uploads\/Inptression-3-228x300.png 228w\" sizes=\"auto, (max-width: 701px) 100vw, 701px\" \/><figcaption>Eine Reihe <\/figcaption><\/figure><\/li><li class=\"blocks-gallery-item\"><figure><img loading=\"lazy\" decoding=\"async\" width=\"1024\" height=\"826\" src=\"https:\/\/www.scv-jugend.de\/wp-content\/uploads\/Catering-Zeile-1024x826.png\" alt=\"\" data-id=\"9309\" data-link=\"https:\/\/www.scv-jugend.de\/?attachment_id=9309\" class=\"wp-image-9309\" srcset=\"https:\/\/www.scv-jugend.de\/wp-content\/uploads\/Catering-Zeile-1024x826.png 1024w, https:\/\/www.scv-jugend.de\/wp-content\/uploads\/Catering-Zeile-300x242.png 300w, https:\/\/www.scv-jugend.de\/wp-content\/uploads\/Catering-Zeile-940x758.png 940w, https:\/\/www.scv-jugend.de\/wp-content\/uploads\/Catering-Zeile.png 1138w\" sizes=\"auto, (max-width: 1024px) 100vw, 1024px\" \/><figcaption>Catering<\/figcaption><\/figure><\/li><li class=\"blocks-gallery-item\"><figure><img loading=\"lazy\" decoding=\"async\" width=\"1024\" height=\"765\" src=\"https:\/\/www.scv-jugend.de\/wp-content\/uploads\/Catering-Maike-1024x765.png\" alt=\"\" data-id=\"9310\" data-link=\"https:\/\/www.scv-jugend.de\/?attachment_id=9310\" class=\"wp-image-9310\" srcset=\"https:\/\/www.scv-jugend.de\/wp-content\/uploads\/Catering-Maike-1024x765.png 1024w, https:\/\/www.scv-jugend.de\/wp-content\/uploads\/Catering-Maike-300x224.png 300w, https:\/\/www.scv-jugend.de\/wp-content\/uploads\/Catering-Maike-940x703.png 940w, https:\/\/www.scv-jugend.de\/wp-content\/uploads\/Catering-Maike.png 1228w\" sizes=\"auto, (max-width: 1024px) 100vw, 1024px\" \/><figcaption>Catering Managerin im Gespr\u00e4ch<\/figcaption><\/figure><\/li><li class=\"blocks-gallery-item\"><figure><img loading=\"lazy\" decoding=\"async\" width=\"1024\" height=\"762\" src=\"https:\/\/www.scv-jugend.de\/wp-content\/uploads\/Inptression-2-1-1024x762.png\" alt=\"\" data-id=\"9311\" data-link=\"https:\/\/www.scv-jugend.de\/?attachment_id=9311\" class=\"wp-image-9311\" srcset=\"https:\/\/www.scv-jugend.de\/wp-content\/uploads\/Inptression-2-1-1024x762.png 1024w, https:\/\/www.scv-jugend.de\/wp-content\/uploads\/Inptression-2-1-300x223.png 300w, https:\/\/www.scv-jugend.de\/wp-content\/uploads\/Inptression-2-1-940x700.png 940w, https:\/\/www.scv-jugend.de\/wp-content\/uploads\/Inptression-2-1.png 1232w\" sizes=\"auto, (max-width: 1024px) 100vw, 1024px\" \/><figcaption>Impression<\/figcaption><\/figure><\/li><\/ul>\n\n\n\n<p>Vielen Dank an Maike, die das Catering eigenverantwortlich organisierte.<\/p>\n\n\n\n<p>Euer 1. Vorsitzender Suhel Abdalla<\/p>\n","protected":false},"excerpt":{"rendered":"<p>Mit einem Teilnehmer-Rekord von 42 Teilnehmer fand heute am 20.11.22 das offene M\u00fcnchner Blitzeinzelmeisterschaft statt.Mit einer guten Turnieratmosph\u00e4re konnten wir als Ausrichter voll punkten. Mit dem gro\u00dfen Saal und einem gut sortierten Catering trugen wir zum Gelingen der Meisterschaft bei. &#8230; <a class=\"more-link\" href=\"https:\/\/www.scv-jugend.de\/?p=9284\">Read More &raquo;<\/a><\/p>\n","protected":false},"author":50,"featured_media":0,"comment_status":"closed","ping_status":"closed","sticky":false,"template":"","format":"standard","meta":{"footnotes":""},"categories":[],"tags":[],"class_list":["post-9284","post","type-post","status-publish","format-standard","hentry"],"_links":{"self":[{"href":"https:\/\/www.scv-jugend.de\/index.php?rest_route=\/wp\/v2\/posts\/9284","targetHints":{"allow":["GET"]}}],"collection":[{"href":"https:\/\/www.scv-jugend.de\/index.php?rest_route=\/wp\/v2\/posts"}],"about":[{"href":"https:\/\/www.scv-jugend.de\/index.php?rest_route=\/wp\/v2\/types\/post"}],"author":[{"embeddable":true,"href":"https:\/\/www.scv-jugend.de\/index.php?rest_route=\/wp\/v2\/users\/50"}],"replies":[{"embeddable":true,"href":"https:\/\/www.scv-jugend.de\/index.php?rest_route=%2Fwp%2Fv2%2Fcomments&post=9284"}],"version-history":[{"count":6,"href":"https:\/\/www.scv-jugend.de\/index.php?rest_route=\/wp\/v2\/posts\/9284\/revisions"}],"predecessor-version":[{"id":9312,"href":"https:\/\/www.scv-jugend.de\/index.php?rest_route=\/wp\/v2\/posts\/9284\/revisions\/9312"}],"wp:attachment":[{"href":"https:\/\/www.scv-jugend.de\/index.php?rest_route=%2Fwp%2Fv2%2Fmedia&parent=9284"}],"wp:term":[{"taxonomy":"category","embeddable":true,"href":"https:\/\/www.scv-jugend.de\/index.php?rest_route=%2Fwp%2Fv2%2Fcategories&post=9284"},{"taxonomy":"post_tag","embeddable":true,"href":"https:\/\/www.scv-jugend.de\/index.php?rest_route=%2Fwp%2Fv2%2Ftags&post=9284"}],"curies":[{"name":"wp","href":"https:\/\/api.w.org\/{rel}","templated":true}]}}