{"id":9186,"date":"2022-09-10T14:22:57","date_gmt":"2022-09-10T12:22:57","guid":{"rendered":"https:\/\/www.scv-jugend.de\/?p=9186"},"modified":"2022-09-23T06:36:10","modified_gmt":"2022-09-23T04:36:10","slug":"otto-thielmann-pokal-2022","status":"publish","type":"post","link":"https:\/\/www.scv-jugend.de\/?p=9186","title":{"rendered":"Otto-Thiermann-Pokal 2022"},"content":{"rendered":"\n<p>Am 24. September findet wieder der Otto Thiermann Pokal statt.<br>Nachdem wir nun mit der Corona Erkrankung leben gelernt haben, gibt es keine besonderen Regelungen mehr. Dennoch ist Vorsicht geboten.<br>Wir w\u00fcrden uns freuen, wenn die Teilnehmer sich vor dem Turnier freiwillig selber testen. Bei jeglichen Krankheitsbildern sollten die Kinder zu Hause bleiben und die Krankheit auskurieren.<br><\/p>\n\n\n\n<div class=\"wp-block-file\"><a href=\"https:\/\/www.scv-jugend.de\/wp-content\/uploads\/Otto-Thielmann-Pokal-2022.pdf\">Otto-Thiermann Pokal 2022<\/a><a href=\"https:\/\/www.scv-jugend.de\/wp-content\/uploads\/Otto-Thielmann-Pokal-2022.pdf\" class=\"wp-block-file__button\" download>Herunterladen<\/a><\/div>\n\n\n\n<p>Anmeldungen nehmen wir ab sofort  bis Mittwoch, 21. September 2022, an Matthias Schmitt, <a href=\"mailto:schmitt@hwph.de\">schmitt@hwph.de<\/a> erfolgen.<\/p>\n\n\n\n<p>Bisherigen Anmeldungen: <br>Paul D\u00f6ge, U12, SCVG<br>Xaver Widmann, U12, SK Markt Schwaben<br>Vroni Berger, U10, SK Zorneding-P\u00f6ring<br>\u00d6yk\u00fc  Boynudelik, SCVG<br>Ngoc Dao Tran Bao, U14, SCVG<br>Anh\u00a0Dao Tran Huyen, U10, SCVG<br>Aliyah Falck, U10, SCVG<br>Theo Bilgert, U10<br>Jonathan Bilgert, U20<br>Manuel K\u00fchndelt, U10, SK Zorneding-P\u00f6ring<br>Leopold Krah, U14<br>Nicolas Betz, U12, SU Ebersberg<br>Stefans Kasims, U20, SC Kirchseeon<br>Matteo Fellmann, U12, SCVG<br>Max Gei\u00dfler, U12, SCVG<br>Bowie Clarke, U10<br>Emil Kasims, U20, SC Kirchseeon<br>Vladyslav Skrypkin, U10<br>Julius Lechner, U20, SU Ebersberg-Grafing<br>Martin Lechner, U20, SU Ebersberg-Grafing <\/p>\n","protected":false},"excerpt":{"rendered":"<p>Am 24. September findet wieder der Otto Thiermann Pokal statt.Nachdem wir nun mit der Corona Erkrankung leben gelernt haben, gibt es keine besonderen Regelungen mehr. Dennoch ist Vorsicht geboten.Wir w\u00fcrden uns freuen, wenn die Teilnehmer sich vor dem Turnier freiwillig &#8230; <a class=\"more-link\" href=\"https:\/\/www.scv-jugend.de\/?p=9186\">Read More &raquo;<\/a><\/p>\n","protected":false},"author":50,"featured_media":0,"comment_status":"closed","ping_status":"closed","sticky":false,"template":"","format":"standard","meta":{"footnotes":""},"categories":[],"tags":[],"class_list":["post-9186","post","type-post","status-publish","format-standard","hentry"],"_links":{"self":[{"href":"https:\/\/www.scv-jugend.de\/index.php?rest_route=\/wp\/v2\/posts\/9186","targetHints":{"allow":["GET"]}}],"collection":[{"href":"https:\/\/www.scv-jugend.de\/index.php?rest_route=\/wp\/v2\/posts"}],"about":[{"href":"https:\/\/www.scv-jugend.de\/index.php?rest_route=\/wp\/v2\/types\/post"}],"author":[{"embeddable":true,"href":"https:\/\/www.scv-jugend.de\/index.php?rest_route=\/wp\/v2\/users\/50"}],"replies":[{"embeddable":true,"href":"https:\/\/www.scv-jugend.de\/index.php?rest_route=%2Fwp%2Fv2%2Fcomments&post=9186"}],"version-history":[{"count":19,"href":"https:\/\/www.scv-jugend.de\/index.php?rest_route=\/wp\/v2\/posts\/9186\/revisions"}],"predecessor-version":[{"id":9222,"href":"https:\/\/www.scv-jugend.de\/index.php?rest_route=\/wp\/v2\/posts\/9186\/revisions\/9222"}],"wp:attachment":[{"href":"https:\/\/www.scv-jugend.de\/index.php?rest_route=%2Fwp%2Fv2%2Fmedia&parent=9186"}],"wp:term":[{"taxonomy":"category","embeddable":true,"href":"https:\/\/www.scv-jugend.de\/index.php?rest_route=%2Fwp%2Fv2%2Fcategories&post=9186"},{"taxonomy":"post_tag","embeddable":true,"href":"https:\/\/www.scv-jugend.de\/index.php?rest_route=%2Fwp%2Fv2%2Ftags&post=9186"}],"curies":[{"name":"wp","href":"https:\/\/api.w.org\/{rel}","templated":true}]}}