{"id":9164,"date":"2023-05-13T08:15:20","date_gmt":"2023-05-13T06:15:20","guid":{"rendered":"https:\/\/www.scv-jugend.de\/?p=9164"},"modified":"2023-06-18T11:20:39","modified_gmt":"2023-06-18T09:20:39","slug":"muenchner-mannschaftsmeisterschaft-2022-23","status":"publish","type":"post","link":"https:\/\/www.scv-jugend.de\/?p=9164","title":{"rendered":"M\u00fcnchner Mannschaftsmeisterschaft 2022\/23 &#8211; Die zweite Mannschaft steigt in die C-Klasse auf"},"content":{"rendered":"\n<hr class=\"wp-block-separator has-css-opacity\"\/>\n\n\n\n<p>Mit der gestrigen Runde konnte das angestrebte Ziel nun endlich geschafft werden. Unsere jungen Spieler schafften den ersehnten Aufstieg in die C-Klasse.<br>Wir sind mit 14 Mannschaftspunkten mit Abstand zu den anderen auf Platz 1 in der D-Klasse gelandet.<br>Der Vorstand dankt allen Spielern der Mannschaft.<\/p>\n\n\n\n<figure class=\"wp-block-image size-full\"><img loading=\"lazy\" decoding=\"async\" width=\"343\" height=\"242\" src=\"https:\/\/www.scv-jugend.de\/wp-content\/uploads\/image-33.png\" alt=\"\" class=\"wp-image-9490\" srcset=\"https:\/\/www.scv-jugend.de\/wp-content\/uploads\/image-33.png 343w, https:\/\/www.scv-jugend.de\/wp-content\/uploads\/image-33-300x212.png 300w\" sizes=\"auto, (max-width: 343px) 100vw, 343px\" \/><figcaption class=\"wp-element-caption\">vorl\u00e4ufiges Ergebnis nach der letzten Runde<\/figcaption><\/figure>\n\n\n\n<p>Nun geht es nach dem Sommerferien darum eine schlagfertige Mannschaft in der C-Klasse aufzustellen. Mit den ersten Brettern der 1. Mannschaft und den Spielern der zweiten k\u00f6nnte der n\u00e4chste Aufstieg in die B-Klasse gelingen.<\/p>\n\n\n\n<p><br>&#8212;&#8212;&#8212;&#8212;&#8212;&#8212;&#8212;&#8212;&#8212;&#8212;&#8212;&#8212;&#8212;&#8212;&#8212;&#8212;&#8212;&#8212;&#8212;&#8212;&#8212;&#8212;&#8212;&#8212;&#8212;&#8212;&#8212;&#8212;&#8212;&#8212;&#8212;&#8212;&#8212;&#8212;&#8212;&#8212;&#8212;&#8212;&#8212;&#8212;&#8212;&#8212;&#8212;&#8212;&#8212;&#8212;&#8211;<\/p>\n\n\n\n<p>Wir sind Herbstmeister in der D-Klasse<br>Nach einem tollen Kampf unserer beiden Mannschaften stehen wir nach der 3. Runde am Ende dieses Jahre auf den Pl\u00e4tzen 1 und 3.<br>Hier ist die aktuelle Tabelle:<br><\/p>\n\n\n\n<figure class=\"wp-block-image\"><img loading=\"lazy\" decoding=\"async\" width=\"877\" height=\"272\" src=\"https:\/\/www.scv-jugend.de\/wp-content\/uploads\/image-16.png\" alt=\"\" class=\"wp-image-9326\" srcset=\"https:\/\/www.scv-jugend.de\/wp-content\/uploads\/image-16.png 877w, https:\/\/www.scv-jugend.de\/wp-content\/uploads\/image-16-300x93.png 300w\" sizes=\"auto, (max-width: 877px) 100vw, 877px\" \/><\/figure>\n\n\n\n<p>Herzlichen Gl\u00fcckwunsch an die erste Mannschaft f\u00fcr die tolle Leistung !!<\/p>\n\n\n\n<p>&#8212;&#8212;&#8212;&#8212;&#8212;&#8212;&#8212;&#8212;&#8212;&#8212;&#8212;&#8212;&#8212;&#8212;&#8212;&#8212;&#8212;&#8212;&#8212;&#8212;&#8212;&#8212;&#8212;&#8212;&#8212;&#8212;&#8212;&#8212;&#8212;&#8212;&#8212;&#8212;&#8212;&#8212;&#8212;&#8212;&#8212;&#8212;-<\/p>\n\n\n\n<p>Nun ist die Auslosung fertig. Hiermit teile ich euch die Ansetzungen in diesem Jahr mit.<br><\/p>\n\n\n\n<p>Die Mannschaftsleitung f\u00fcr die 1. Mannschaft \u00fcbernimmt Suhel Abdalla.<br>Die Mannschaftsleitung der 2. Mannschaft \u00fcbernimmt Suhel Abdalla <br><br>Hier sind die genauen Termine f\u00fcr die einzelnen Runden:<br><br>1. Mannschaft:<\/p>\n\n\n\n<figure class=\"wp-block-image\"><img loading=\"lazy\" decoding=\"async\" width=\"796\" height=\"250\" src=\"https:\/\/www.scv-jugend.de\/wp-content\/uploads\/image-13.png\" alt=\"\" class=\"wp-image-9237\" srcset=\"https:\/\/www.scv-jugend.de\/wp-content\/uploads\/image-13.png 796w, https:\/\/www.scv-jugend.de\/wp-content\/uploads\/image-13-300x94.png 300w\" sizes=\"auto, (max-width: 796px) 100vw, 796px\" \/><\/figure>\n\n\n\n<p>2. Mannschaft:<\/p>\n\n\n\n<figure class=\"wp-block-image\"><img loading=\"lazy\" decoding=\"async\" width=\"790\" height=\"248\" src=\"https:\/\/www.scv-jugend.de\/wp-content\/uploads\/image-14.png\" alt=\"\" class=\"wp-image-9238\" srcset=\"https:\/\/www.scv-jugend.de\/wp-content\/uploads\/image-14.png 790w, https:\/\/www.scv-jugend.de\/wp-content\/uploads\/image-14-300x94.png 300w\" sizes=\"auto, (max-width: 790px) 100vw, 790px\" \/><\/figure>\n\n\n\n<p><\/p>\n\n\n\n<p>Bitte schaut Euch die Termine an und vermerkt diese, falls m\u00f6glich in eurem Kalender.<br>&#8212;&#8212;&#8212;&#8212;&#8212;&#8212;&#8212;&#8212;&#8212;&#8212;&#8212;&#8212;&#8212;&#8212;&#8212;&#8212;&#8212;&#8212;&#8212;&#8212;&#8212;&#8212;&#8212;&#8212;&#8212;&#8212;&#8212;&#8212;&#8212;&#8212;&#8212;&#8212;&#8212;&#8212;&#8212;&#8212;&#8212;&#8212;<\/p>\n\n\n\n<p>Beide Mannschaften spielen auch in diesem Jahr wieder in der D-Klasse. Leider konnte der Aufstieg in die C-Klasse von der Turnierleitung nicht umgesetzt werden. <br><br>Folgende Mannschaften habe ich heute gemeldet:<br><strong>1. Mannschaft:<\/strong><br><\/p>\n\n\n\n<figure class=\"wp-block-table is-style-stripes\"><table><tbody><tr><td><strong>Nr<\/strong><\/td><td><strong>Name<\/strong><\/td><td><strong>DWZ<\/strong><\/td><\/tr><tr><td>1<\/td><td>Arndt,Dominik<\/td><td>2000<\/td><\/tr><tr><td>2<\/td><td>Frenkel,Alexander<\/td><td>1939<\/td><\/tr><tr><td>3<\/td><td>Heimb\u00e4cher,Moritz<\/td><td>1813<\/td><\/tr><tr><td>4<\/td><td>Piske,Monty-Remo<\/td><td>1515<\/td><\/tr><tr><td>5<\/td><td>Galensowske,Nikolas<\/td><td>1501<\/td><\/tr><tr><td>6<\/td><td>S\u00fc\u00df,Christian<\/td><td>1493<\/td><\/tr><tr><td>7<\/td><td>M\u00fchlhaus,Karl-Hermann<\/td><td>1459<\/td><\/tr><tr><td>8<\/td><td>D\u00f6ge,Paul<\/td><td>1391<\/td><\/tr><tr><td>9<\/td><td>Steinberger,Gerry<\/td><td>1126<\/td><\/tr><tr><td>10<\/td><td>Frenkel,Alexandra<\/td><td>913<\/td><\/tr><tr><td>11<\/td><td>D\u00f6ge,Torsten<\/td><td><br><\/td><\/tr><tr><td>12<\/td><td>Falck,Andreas<\/td><td><br><\/td><\/tr><tr><td>13<\/td><td>Gottlieb,Ernst<\/td><td><br><\/td><\/tr><tr><td>14<\/td><td>Steinberger,Simon<\/td><td><br><\/td><\/tr><tr><td>15<\/td><td>Schmitt, Matthias<\/td><td>1347<\/td><\/tr><tr><td>16<\/td><td>Lisch, Dominik<\/td><td><\/td><\/tr><tr><td>17<\/td><td>Bigalke, Gregor<\/td><td>1247<\/td><\/tr><\/tbody><\/table><\/figure>\n\n\n\n<p><\/p>\n\n\n\n<p> <strong>2. Mannschaft: <\/strong><br><\/p>\n\n\n\n<figure class=\"wp-block-table is-style-stripes\"><table><tbody><tr><td><strong>Nr<\/strong><\/td><td><strong>Name<\/strong><\/td><td><strong>DWZ<\/strong><\/td><\/tr><tr><td>1<\/td><td>Lerchl,Clemens<\/td><td>1876<\/td><\/tr><tr><td>2<\/td><td>Lerchl,Hannes<\/td><td>1695<\/td><\/tr><tr><td>3<\/td><td>Popovici,Liviu-Daniel<\/td><td>1654<\/td><\/tr><tr><td>4<\/td><td>Karpen,Jakob<\/td><td>1548<\/td><\/tr><tr><td>5<\/td><td>Deiters,Clemens, Philip<\/td><td>1606<\/td><\/tr><tr><td>6<\/td><td>Fischer,Bastian<\/td><td>1384<\/td><\/tr><tr><td>7<\/td><td>Schmitt,Matthias<\/td><td>1347<\/td><\/tr><tr><td>8<\/td><td>Eisl,Ralf<\/td><td>1258<\/td><\/tr><tr><td>9<\/td><td>R\u00f6ll,Lea<\/td><td>1358<\/td><\/tr><tr><td>10<\/td><td>Fellmann,Leonardo<\/td><td>1145<\/td><\/tr><tr><td>11<\/td><td>R\u00f6ll,Laura<\/td><td>1205<\/td><\/tr><tr><td>12<\/td><td>D\u00f6ge, Paul<\/td><td>1391<\/td><\/tr><tr><td>13<\/td><td>D\u00f6ge, Torsten<\/td><td><\/td><\/tr><tr><td>14<\/td><td>Gei\u00dfler, Max<\/td><td><\/td><\/tr><tr><td>15<\/td><td>Lisch, Dominik<\/td><td><\/td><\/tr><\/tbody><\/table><\/figure>\n\n\n\n<p>N\u00e4here Informationen k\u00f6nnte ihr auch auf der Webseite des Schachbezirks M\u00fcnchen unter dem Link <a href=\"https:\/\/schachbezirk-muenchen.de\/mmm-2022-23.html\">https:\/\/schachbezirk-muenchen.de\/mmm-2022-23.html&nbsp;<\/a>einsehen.<br><br>___________________________________________________________________________<\/p>\n\n\n\n<p>kaum ist die letzte Saison beendet, wird schon die n\u00e4chste Saison vorbereitet.<br>   <br> F\u00fcr die n\u00e4chste Saison sind folgende Termine geplant:<br>   1. Runde: 10.10.-14.10.2022<br>   2. Runde: 14.11.-18.11.2022<br>   3. Runde: 05.12.-09.12.2022<br>   4. Runde: 16.01.-20.01.2023<br>   5. Runde: 06.02.-10.02.2023<br>   6. Runde: 06.03.-10.03.2023<br>   7. Runde: 20.03.-24.03.2023<br>   8. Runde: 24.04.-28.04.2023<br>   9. Runde: 08.05.-12.05.2023<br>     <br> Hiermit m\u00f6chte ich Euch bitten mir mitzuteilen wer das Interesse hat in der n\u00e4chsten Saison teilzunehmen.<br> Anfang September m\u00fcssen wir die Anzahl der Mannschaften melden.<br>     <br> Die Meldefrist f\u00fcr die Abgabe der Mannschaftsaufstellung ist der 25.09.22<\/p>\n\n\n\n<p>Bitte gibt mir bis Ende August die R\u00fcckmeldung ob ihr mitspielen wollt.<br> Gerne k\u00f6nnt ihr die Mail an andere Mitglieder oder potenzielle Interessenten weiterleiten.<br> <\/p>\n\n\n\n<div class=\"wp-block-file\"><a id=\"wp-block-file--media-bfeaa29a-be43-4c5a-afd9-2215809278f7\" href=\"https:\/\/www.scv-jugend.de\/wp-content\/uploads\/MMM-2022-23-Ausschreibung.pdf\">MMM-2022-23-Ausschreibung<\/a><a href=\"https:\/\/www.scv-jugend.de\/wp-content\/uploads\/MMM-2022-23-Ausschreibung.pdf\" class=\"wp-block-file__button wp-element-button\" download aria-describedby=\"wp-block-file--media-bfeaa29a-be43-4c5a-afd9-2215809278f7\">Herunterladen<\/a><\/div>\n","protected":false},"excerpt":{"rendered":"<p>Mit der gestrigen Runde konnte das angestrebte Ziel nun endlich geschafft werden. Unsere jungen Spieler schafften den ersehnten Aufstieg in die C-Klasse.Wir sind mit 14 Mannschaftspunkten mit Abstand zu den anderen auf Platz 1 in der D-Klasse gelandet.Der Vorstand dankt &#8230; <a class=\"more-link\" href=\"https:\/\/www.scv-jugend.de\/?p=9164\">Read More &raquo;<\/a><\/p>\n","protected":false},"author":50,"featured_media":0,"comment_status":"closed","ping_status":"closed","sticky":false,"template":"","format":"standard","meta":{"footnotes":""},"categories":[],"tags":[],"class_list":["post-9164","post","type-post","status-publish","format-standard","hentry"],"_links":{"self":[{"href":"https:\/\/www.scv-jugend.de\/index.php?rest_route=\/wp\/v2\/posts\/9164","targetHints":{"allow":["GET"]}}],"collection":[{"href":"https:\/\/www.scv-jugend.de\/index.php?rest_route=\/wp\/v2\/posts"}],"about":[{"href":"https:\/\/www.scv-jugend.de\/index.php?rest_route=\/wp\/v2\/types\/post"}],"author":[{"embeddable":true,"href":"https:\/\/www.scv-jugend.de\/index.php?rest_route=\/wp\/v2\/users\/50"}],"replies":[{"embeddable":true,"href":"https:\/\/www.scv-jugend.de\/index.php?rest_route=%2Fwp%2Fv2%2Fcomments&post=9164"}],"version-history":[{"count":9,"href":"https:\/\/www.scv-jugend.de\/index.php?rest_route=\/wp\/v2\/posts\/9164\/revisions"}],"predecessor-version":[{"id":9492,"href":"https:\/\/www.scv-jugend.de\/index.php?rest_route=\/wp\/v2\/posts\/9164\/revisions\/9492"}],"wp:attachment":[{"href":"https:\/\/www.scv-jugend.de\/index.php?rest_route=%2Fwp%2Fv2%2Fmedia&parent=9164"}],"wp:term":[{"taxonomy":"category","embeddable":true,"href":"https:\/\/www.scv-jugend.de\/index.php?rest_route=%2Fwp%2Fv2%2Fcategories&post=9164"},{"taxonomy":"post_tag","embeddable":true,"href":"https:\/\/www.scv-jugend.de\/index.php?rest_route=%2Fwp%2Fv2%2Ftags&post=9164"}],"curies":[{"name":"wp","href":"https:\/\/api.w.org\/{rel}","templated":true}]}}