{"id":9075,"date":"2022-08-05T19:16:24","date_gmt":"2022-08-05T17:16:24","guid":{"rendered":"https:\/\/www.scv-jugend.de\/?p=9075"},"modified":"2022-08-06T06:39:10","modified_gmt":"2022-08-06T04:39:10","slug":"schach-camp-2022","status":"publish","type":"post","link":"https:\/\/www.scv-jugend.de\/?p=9075","title":{"rendered":"Schach-Camp 2022"},"content":{"rendered":"\n<p>Der Schachcamp war auch in diesem Jahr ein voller Erfolg. Unter den 16 Kindern nahmen 8 vereinsfremde Kinder teil, die sich alle sehr wohl gef\u00fchlt hatten und Interesse haben, sich mit dem Schachsport weiter zu besch\u00e4ftigen. <br><br>Hier sind ein paar Eindr\u00fccke von der sch\u00f6nen Woche:  <a href=\"https:\/\/www.dropbox.com\/sh\/5e1fwl5se3i5aao\/AADurLMQ5sMOCA5HHaaR7x3ra?dl=0\">https:\/\/www.dropbox.com\/sh\/5e1fwl5se3i5aao\/AADurLMQ5sMOCA5HHaaR7x3ra?dl=0<\/a> <br><br>In einem Rundenturnier mit einer Bedenkzeit von einer halben Stunde pro Spieler konnten sich alle messen. Die erste Gruppe spielten ausschlie\u00dflich Vereinsmitglieder und in der 2. Gruppe konnten sich die Kinder messen, die nicht Mitglied im Verein sind.<br><br>Hier sind die Ergebnisse:<\/p>\n\n\n\n<figure class=\"wp-block-image\"><img loading=\"lazy\" decoding=\"async\" width=\"897\" height=\"677\" src=\"https:\/\/www.scv-jugend.de\/wp-content\/uploads\/image-10.png\" alt=\"\" class=\"wp-image-9180\" srcset=\"https:\/\/www.scv-jugend.de\/wp-content\/uploads\/image-10.png 897w, https:\/\/www.scv-jugend.de\/wp-content\/uploads\/image-10-300x226.png 300w\" sizes=\"auto, (max-width: 897px) 100vw, 897px\" \/><\/figure>\n\n\n\n<p>Hiermit m\u00f6chte ich mich ganz besonders bei den Betreuern des Schachcamps bedanken, die alle tatkr\u00e4ftig mitgeholfen haben. Neben der Unterst\u00fctzung konnten sie durch weitere Ideen das Schachcamp ma\u00dfgebend bereichern.<br>F\u00fcr uns gekocht hat <strong>Brigitte Brigitte Galenkowski<\/strong><br>Unterst\u00fctzt haben <strong>Andreas Falck,  Elke Kast, Franz Pautner und Maike Menzner<\/strong><\/p>\n\n\n\n<hr class=\"wp-block-separator is-style-wide\"\/>\n\n\n\n<p> Nach nun mehr 2 Jahren Pause veranstalten wir ein Schach-Camp in der 1. Ferienwoche der bayerischen Sommerferien (vom 01.08. &#8211; 05.08.2022). Neben den Trainingssitzungen werden, wie auch im letzten Jahr, die Kinder an verschiedene Schachvarianten herangef\u00fchrt. Der Spa\u00df steht dabei im Vordergrund. Fu\u00dfballspielen, Dosenwerfen, Minigolf, Fu\u00dfballgolf und andere Aktivit\u00e4ten runden die Woche ab.<br>Frau  Galensowski&nbsp;kocht f\u00fcr alle Kinder und Betreuer frisch in der K\u00fcche vor Ort. Bitte geben Sie Ihren Kindern Getr\u00e4nke mit.<\/p>\n\n\n\n<p><b>Aktuell angemeldete Spieler<\/b><\/p> (aus Datenschutzgr\u00fcnden steht nur erst Buchstaben des Nachnamens)<br>Lukas N.<br>Anxin S.<br>Sophie Z.<br>Osker Z.<br>Luke S.<br>Alexander L.<br>Theodor B.<br>Henry W<br>Helen W<br>Ahn D<br>Ngoc D<br>Aliyah F<br>Jannis F<br>Istvan R<br>Marcel R<br>Henry B.<br><br>\n\n\n\n<p>Hier sind die Ausschreibung  und das Anmeldeformular. Bei R\u00fcckfragen k\u00f6nnen Sie sich jederzeit bei mir melden\n\n<\/p>\n\n\n\n<div class=\"wp-block-file\"><a href=\"https:\/\/www.scv-jugend.de\/wp-content\/uploads\/Ausschreibung.pdf\">Ausschreibung<\/a><a href=\"https:\/\/www.scv-jugend.de\/wp-content\/uploads\/Ausschreibung.pdf\" class=\"wp-block-file__button\" download>Herunterladen<\/a><\/div>\n\n\n\n<div class=\"wp-block-file\"><a href=\"https:\/\/www.scv-jugend.de\/wp-content\/uploads\/Anmeldeformular.pdf\">Anmeldeformular<\/a><a href=\"https:\/\/www.scv-jugend.de\/wp-content\/uploads\/Anmeldeformular.pdf\" class=\"wp-block-file__button\" download>Herunterladen<\/a><\/div>\n","protected":false},"excerpt":{"rendered":"<p>Der Schachcamp war auch in diesem Jahr ein voller Erfolg. Unter den 16 Kindern nahmen 8 vereinsfremde Kinder teil, die sich alle sehr wohl gef\u00fchlt hatten und Interesse haben, sich mit dem Schachsport weiter zu besch\u00e4ftigen. Hier sind ein paar &#8230; <a class=\"more-link\" href=\"https:\/\/www.scv-jugend.de\/?p=9075\">Read More &raquo;<\/a><\/p>\n","protected":false},"author":50,"featured_media":0,"comment_status":"closed","ping_status":"closed","sticky":false,"template":"","format":"standard","meta":{"footnotes":""},"categories":[],"tags":[],"class_list":["post-9075","post","type-post","status-publish","format-standard","hentry"],"_links":{"self":[{"href":"https:\/\/www.scv-jugend.de\/index.php?rest_route=\/wp\/v2\/posts\/9075","targetHints":{"allow":["GET"]}}],"collection":[{"href":"https:\/\/www.scv-jugend.de\/index.php?rest_route=\/wp\/v2\/posts"}],"about":[{"href":"https:\/\/www.scv-jugend.de\/index.php?rest_route=\/wp\/v2\/types\/post"}],"author":[{"embeddable":true,"href":"https:\/\/www.scv-jugend.de\/index.php?rest_route=\/wp\/v2\/users\/50"}],"replies":[{"embeddable":true,"href":"https:\/\/www.scv-jugend.de\/index.php?rest_route=%2Fwp%2Fv2%2Fcomments&post=9075"}],"version-history":[{"count":13,"href":"https:\/\/www.scv-jugend.de\/index.php?rest_route=\/wp\/v2\/posts\/9075\/revisions"}],"predecessor-version":[{"id":9183,"href":"https:\/\/www.scv-jugend.de\/index.php?rest_route=\/wp\/v2\/posts\/9075\/revisions\/9183"}],"wp:attachment":[{"href":"https:\/\/www.scv-jugend.de\/index.php?rest_route=%2Fwp%2Fv2%2Fmedia&parent=9075"}],"wp:term":[{"taxonomy":"category","embeddable":true,"href":"https:\/\/www.scv-jugend.de\/index.php?rest_route=%2Fwp%2Fv2%2Fcategories&post=9075"},{"taxonomy":"post_tag","embeddable":true,"href":"https:\/\/www.scv-jugend.de\/index.php?rest_route=%2Fwp%2Fv2%2Ftags&post=9075"}],"curies":[{"name":"wp","href":"https:\/\/api.w.org\/{rel}","templated":true}]}}