{"id":9023,"date":"2021-11-21T00:44:14","date_gmt":"2021-11-20T22:44:14","guid":{"rendered":"https:\/\/www.scv-jugend.de\/?p=9023"},"modified":"2021-11-21T00:44:14","modified_gmt":"2021-11-20T22:44:14","slug":"start-der-1-jugendmannschaft-in-die-bayernliga","status":"publish","type":"post","link":"https:\/\/www.scv-jugend.de\/?p=9023","title":{"rendered":"Start der 1.Jugendmannschaft in die Bayernliga"},"content":{"rendered":"<p>Die erste Jugendmannschaft unseres Vereins startete heute in das Abenteuer Bayernliga. Im Kirchheimer Gymnasium waren der Gastgeber sowie der FC Ergolding unsere Gegner. Wie erwartet hatten wir an allen Brettern einen deutlichen DWZ-R\u00fcckstand gegen\u00fcber unseren Gegnern. Immerhin ist das die ERSTE Liga&#8230;  So ist es auch wenig verwunderlich, dass es keine Mannschaftspunkte gab, sehr wohl aber erfreuliche Einzelergebnisse. Gegen die starke Kirchheimer Mannschaft erk\u00e4mpften sich unser Neuzugang Clemens D. sowie Daniel jeweils ein verdientes Remis. Die 1-5 Mannschaftsniederlage war freilich nicht zu verhindern. Am Nachmittag stand uns mit dem FC Ergolding ein nach der Papierform noch st\u00e4rkerer Gegner gegen\u00fcber, selbst wenn dieser etwas ersatzgeschw\u00e4cht antreten musste. Umso erfreulicher, dass Laura durch eine kleine Taktik einen Turm gewinnen und einen \u00dcberraschungssieg eint\u00fcten konnte. Daniel gelang es sp\u00e4ter noch gegen seinen mit DWZ 2023 gelisteten Gegner durch Dauerschach sein zweites Remis heute einzufahren, was ihn zum Spieler des Tages auf unserer Seite machte. Trotz der beiden Niederlagen k\u00f6nnen wir also optimistisch in die weiteren Runden blicken . Wir haben heute gesehen, dass auch gegen starke Gegner immer wieder der eine oder andere Punkt drin ist.<\/p>\n","protected":false},"excerpt":{"rendered":"<p>Die erste Jugendmannschaft unseres Vereins startete heute in das Abenteuer Bayernliga. Im Kirchheimer Gymnasium waren der Gastgeber sowie der FC Ergolding unsere Gegner. Wie erwartet hatten wir an allen Brettern einen deutlichen DWZ-R\u00fcckstand gegen\u00fcber unseren Gegnern. Immerhin ist das die &#8230; <a class=\"more-link\" href=\"https:\/\/www.scv-jugend.de\/?p=9023\">Read More &raquo;<\/a><\/p>\n","protected":false},"author":50,"featured_media":0,"comment_status":"closed","ping_status":"closed","sticky":false,"template":"","format":"standard","meta":{"footnotes":""},"categories":[],"tags":[],"class_list":["post-9023","post","type-post","status-publish","format-standard","hentry"],"_links":{"self":[{"href":"https:\/\/www.scv-jugend.de\/index.php?rest_route=\/wp\/v2\/posts\/9023","targetHints":{"allow":["GET"]}}],"collection":[{"href":"https:\/\/www.scv-jugend.de\/index.php?rest_route=\/wp\/v2\/posts"}],"about":[{"href":"https:\/\/www.scv-jugend.de\/index.php?rest_route=\/wp\/v2\/types\/post"}],"author":[{"embeddable":true,"href":"https:\/\/www.scv-jugend.de\/index.php?rest_route=\/wp\/v2\/users\/50"}],"replies":[{"embeddable":true,"href":"https:\/\/www.scv-jugend.de\/index.php?rest_route=%2Fwp%2Fv2%2Fcomments&post=9023"}],"version-history":[{"count":1,"href":"https:\/\/www.scv-jugend.de\/index.php?rest_route=\/wp\/v2\/posts\/9023\/revisions"}],"predecessor-version":[{"id":9024,"href":"https:\/\/www.scv-jugend.de\/index.php?rest_route=\/wp\/v2\/posts\/9023\/revisions\/9024"}],"wp:attachment":[{"href":"https:\/\/www.scv-jugend.de\/index.php?rest_route=%2Fwp%2Fv2%2Fmedia&parent=9023"}],"wp:term":[{"taxonomy":"category","embeddable":true,"href":"https:\/\/www.scv-jugend.de\/index.php?rest_route=%2Fwp%2Fv2%2Fcategories&post=9023"},{"taxonomy":"post_tag","embeddable":true,"href":"https:\/\/www.scv-jugend.de\/index.php?rest_route=%2Fwp%2Fv2%2Ftags&post=9023"}],"curies":[{"name":"wp","href":"https:\/\/api.w.org\/{rel}","templated":true}]}}