{"id":8939,"date":"2021-10-30T07:35:54","date_gmt":"2021-10-30T05:35:54","guid":{"rendered":"https:\/\/www.scv-jugend.de\/?p=8939"},"modified":"2021-10-30T09:26:51","modified_gmt":"2021-10-30T07:26:51","slug":"otto-thiermann-pokal-fuer-jugendliche-am-23-10-2021","status":"publish","type":"post","link":"https:\/\/www.scv-jugend.de\/?p=8939","title":{"rendered":"Otto Thiermann-Pokal f\u00fcr Jugendliche am 23.10.2021"},"content":{"rendered":"\n<p><strong>Endstand:<\/strong><br>Mit nur 15 Teilnehmern an dem diesj\u00e4hrigen Pokal hatten wir mit Abstand die geringste Teilnehmerzahl der letzten Pokale. In Anbetracht der noch herrschenden Corona Situation in Deutschland sind wir sehr froh, dieses Turnier \u00fcberhaupt erfolgreich durchgef\u00fchrt zu haben.<br>Alle Teilnehmer haben sich sehr gut gef\u00fchlt und kein Spieler, Betreuer und Organisatoren haben sich infiziert. Die Ma\u00dfnahmen zur Corona Eind\u00e4mmung haben sich ausgezahlt.<br>Der Sieger und der Gewinner der diesj\u00e4hrigen Otto- Thierlmann Pokals war Stefan Kassims, der nur einen halben Punkt gegen Paul Menzner abgegeben hat. <br>Wir haben viele neue Spieler begr\u00fc\u00dfen d\u00fcrfen. Die vereinslosen Schachfreunde Julian Schleicher und Lina Sohnius haben in der U20 gute Partien gespielt.<br>In der U8 spielten die Schachfreunde Paul D\u00f6ge, \u00d6ky\u00fc Boynudelik und Hendrik Brandelik mit. Paul schaffte mit 6 Punkten aus 7 Partien den zweiten Platz. Herzlich Willkommen an alle neue Schachspieler.<br><br><\/p>\n\n\n\n<figure class=\"wp-block-image\"><img loading=\"lazy\" decoding=\"async\" width=\"853\" height=\"353\" src=\"https:\/\/www.scv-jugend.de\/wp-content\/uploads\/image-2.png\" alt=\"\" class=\"wp-image-9003\" srcset=\"https:\/\/www.scv-jugend.de\/wp-content\/uploads\/image-2.png 853w, https:\/\/www.scv-jugend.de\/wp-content\/uploads\/image-2-300x124.png 300w\" sizes=\"auto, (max-width: 853px) 100vw, 853px\" \/><\/figure>\n\n\n\n<figure class=\"wp-block-image\"><img loading=\"lazy\" decoding=\"async\" width=\"869\" height=\"453\" src=\"https:\/\/www.scv-jugend.de\/wp-content\/uploads\/image-3.png\" alt=\"\" class=\"wp-image-9004\" srcset=\"https:\/\/www.scv-jugend.de\/wp-content\/uploads\/image-3.png 869w, https:\/\/www.scv-jugend.de\/wp-content\/uploads\/image-3-300x156.png 300w\" sizes=\"auto, (max-width: 869px) 100vw, 869px\" \/><\/figure>\n\n\n<p>Liebe Schachfreunde,<\/p>\n<p>am Samstag, 23. Oktober 2021, findet im Gymnasium Vaterstetten der Otto-Thiermann-Pokal in den Altersklassen U8\/U10\/U12 sowie U14\/U20 statt.<\/p>\n<p><a href=\"https:\/\/www.scv-jugend.de\/wp-content\/uploads\/Otto-Thielmann-Pokal-2021.pdf\">Ausschreibung hier downloaden.<\/a><\/p>\n<p>Folgende Anmeldungen gingen bisher ein:<br>\nU10:<br>\nDaniel Fisher, SK Zorneding<br>\n\u00d6yk\u00fc Boymudelik, SC Vaterstetten-Grasbrunn<\/p>\n<p>U12:<br>\nXaver Widmann, SC Markt Schwaben<br>\nMatteo Fellmann, SC Vaterstetten-Grasbrunn<br>\nMax Gei\u00dfler, SC Vaterstetten-Grasbrunn<br>\nSimon Steinberger, SC Vaterstetten-Grasbrunn<br>\nJoschua Chevalier, SK Zorneding<br>\nPaul D\u00f6ge, SC Vaterstetten-Grasbrunn<\/p>\n<p>U14:<br>\nEmil Kasims, SC Kirchseeon<br>\nStefan Langer, SC Kirchseeon<\/p>\n<p>U20:<br>\nJulian Schleicher, vereinslos<br>\nLina Sohnius, vereinslos<br>\nStefans Kasims, SU Ebersberg-Grafing<br>\nPaul Menzner, SC Kirchseeon<br>\nSara Kasims, SC Kirchseeon<\/p>","protected":false},"excerpt":{"rendered":"<p>Endstand:Mit nur 15 Teilnehmern an dem diesj\u00e4hrigen Pokal hatten wir mit Abstand die geringste Teilnehmerzahl der letzten Pokale. In Anbetracht der noch herrschenden Corona Situation in Deutschland sind wir sehr froh, dieses Turnier \u00fcberhaupt erfolgreich durchgef\u00fchrt zu haben.Alle Teilnehmer haben &#8230; <a class=\"more-link\" href=\"https:\/\/www.scv-jugend.de\/?p=8939\">Read More &raquo;<\/a><\/p>\n","protected":false},"author":11,"featured_media":0,"comment_status":"closed","ping_status":"closed","sticky":false,"template":"","format":"standard","meta":{"footnotes":""},"categories":[],"tags":[],"class_list":["post-8939","post","type-post","status-publish","format-standard","hentry"],"_links":{"self":[{"href":"https:\/\/www.scv-jugend.de\/index.php?rest_route=\/wp\/v2\/posts\/8939","targetHints":{"allow":["GET"]}}],"collection":[{"href":"https:\/\/www.scv-jugend.de\/index.php?rest_route=\/wp\/v2\/posts"}],"about":[{"href":"https:\/\/www.scv-jugend.de\/index.php?rest_route=\/wp\/v2\/types\/post"}],"author":[{"embeddable":true,"href":"https:\/\/www.scv-jugend.de\/index.php?rest_route=\/wp\/v2\/users\/11"}],"replies":[{"embeddable":true,"href":"https:\/\/www.scv-jugend.de\/index.php?rest_route=%2Fwp%2Fv2%2Fcomments&post=8939"}],"version-history":[{"count":15,"href":"https:\/\/www.scv-jugend.de\/index.php?rest_route=\/wp\/v2\/posts\/8939\/revisions"}],"predecessor-version":[{"id":9005,"href":"https:\/\/www.scv-jugend.de\/index.php?rest_route=\/wp\/v2\/posts\/8939\/revisions\/9005"}],"wp:attachment":[{"href":"https:\/\/www.scv-jugend.de\/index.php?rest_route=%2Fwp%2Fv2%2Fmedia&parent=8939"}],"wp:term":[{"taxonomy":"category","embeddable":true,"href":"https:\/\/www.scv-jugend.de\/index.php?rest_route=%2Fwp%2Fv2%2Fcategories&post=8939"},{"taxonomy":"post_tag","embeddable":true,"href":"https:\/\/www.scv-jugend.de\/index.php?rest_route=%2Fwp%2Fv2%2Ftags&post=8939"}],"curies":[{"name":"wp","href":"https:\/\/api.w.org\/{rel}","templated":true}]}}