{"id":8731,"date":"2020-10-19T10:56:00","date_gmt":"2020-10-19T08:56:00","guid":{"rendered":"https:\/\/www.scv-jugend.de\/?p=8731"},"modified":"2020-10-19T10:56:00","modified_gmt":"2020-10-19T08:56:00","slug":"scvg-news-training-am-montag-19-10-und-26-10-faellt-jeweils-aus","status":"publish","type":"post","link":"https:\/\/www.scv-jugend.de\/?p=8731","title":{"rendered":"SCVG-News: Training am Montag 19.10 und 26.10. f\u00e4llt jeweils aus"},"content":{"rendered":"<p>Liebe Schachfreunde,<\/p>\n<p>nachdem nahezu alle \u00fcblicherweise am Montag zum Training kommenden Kinder bzw. deren Eltern auf Grund der aktuellen Corona-Situation abgesagt haben, haben wir uns dazu entschlossen diesen Montag (19.10.) und kommenden Montag (26.10.) das Training abzusagen.<\/p>\n<p>F\u00fcr die Zeit nach den Ferien ist geplant das Training im OHA von Montag auf den Donnerstag zu verlegen. Beginn ist ab dem 12.11. dann jeweils Donnerstags um 16.30 Uhr.<\/p>\n<p>Sch\u00f6ne Gr\u00fc\u00dfe &amp; bleibt gesund<br \/>\nDomenica, Anton und Matthias<\/p>\n","protected":false},"excerpt":{"rendered":"<p>Liebe Schachfreunde, nachdem nahezu alle \u00fcblicherweise am Montag zum Training kommenden Kinder bzw. deren Eltern auf Grund der aktuellen Corona-Situation abgesagt haben, haben wir uns dazu entschlossen diesen Montag (19.10.) und kommenden Montag (26.10.) das Training abzusagen. F\u00fcr die Zeit &#8230; <a class=\"more-link\" href=\"https:\/\/www.scv-jugend.de\/?p=8731\">Read More &raquo;<\/a><\/p>\n","protected":false},"author":11,"featured_media":0,"comment_status":"closed","ping_status":"closed","sticky":false,"template":"","format":"standard","meta":{"footnotes":""},"categories":[],"tags":[],"class_list":["post-8731","post","type-post","status-publish","format-standard","hentry"],"_links":{"self":[{"href":"https:\/\/www.scv-jugend.de\/index.php?rest_route=\/wp\/v2\/posts\/8731","targetHints":{"allow":["GET"]}}],"collection":[{"href":"https:\/\/www.scv-jugend.de\/index.php?rest_route=\/wp\/v2\/posts"}],"about":[{"href":"https:\/\/www.scv-jugend.de\/index.php?rest_route=\/wp\/v2\/types\/post"}],"author":[{"embeddable":true,"href":"https:\/\/www.scv-jugend.de\/index.php?rest_route=\/wp\/v2\/users\/11"}],"replies":[{"embeddable":true,"href":"https:\/\/www.scv-jugend.de\/index.php?rest_route=%2Fwp%2Fv2%2Fcomments&post=8731"}],"version-history":[{"count":2,"href":"https:\/\/www.scv-jugend.de\/index.php?rest_route=\/wp\/v2\/posts\/8731\/revisions"}],"predecessor-version":[{"id":8735,"href":"https:\/\/www.scv-jugend.de\/index.php?rest_route=\/wp\/v2\/posts\/8731\/revisions\/8735"}],"wp:attachment":[{"href":"https:\/\/www.scv-jugend.de\/index.php?rest_route=%2Fwp%2Fv2%2Fmedia&parent=8731"}],"wp:term":[{"taxonomy":"category","embeddable":true,"href":"https:\/\/www.scv-jugend.de\/index.php?rest_route=%2Fwp%2Fv2%2Fcategories&post=8731"},{"taxonomy":"post_tag","embeddable":true,"href":"https:\/\/www.scv-jugend.de\/index.php?rest_route=%2Fwp%2Fv2%2Ftags&post=8731"}],"curies":[{"name":"wp","href":"https:\/\/api.w.org\/{rel}","templated":true}]}}