{"id":8727,"date":"2020-10-15T17:32:34","date_gmt":"2020-10-15T15:32:34","guid":{"rendered":"https:\/\/www.scv-jugend.de\/?p=8727"},"modified":"2020-10-15T17:32:34","modified_gmt":"2020-10-15T15:32:34","slug":"scvg-news-pfarrsaal-wegen-corona-gesperrt-kein-freitagstraining","status":"publish","type":"post","link":"https:\/\/www.scv-jugend.de\/?p=8727","title":{"rendered":"SCVG-News: Pfarrsaal wegen Corona gesperrt &#8211; kein Freitagstraining"},"content":{"rendered":"<p>Liebe Schachfreunde,<\/p>\n<p>die Pfarrgemeinde hat uns soeben mitgeteilt, dass ab sofort und bis auf weiteres der Pfarrsaal auf Grund der sich versch\u00e4rfenden Corona-Situation nicht mehr f\u00fcr Veranstaltungen genutzt werden darf. Aus diesem Grund f\u00e4llt das Freitagstraining und der Spieleabend leider aus.<\/p>\n<p>Sobald wir wieder rein d\u00fcrfen oder Alternativen haben, informieren wir Euch.<\/p>\n<p>Bleibt gesund<\/p>\n<p>Domenica, Anton &amp; Matthias<\/p>\n","protected":false},"excerpt":{"rendered":"<p>Liebe Schachfreunde, die Pfarrgemeinde hat uns soeben mitgeteilt, dass ab sofort und bis auf weiteres der Pfarrsaal auf Grund der sich versch\u00e4rfenden Corona-Situation nicht mehr f\u00fcr Veranstaltungen genutzt werden darf. Aus diesem Grund f\u00e4llt das Freitagstraining und der Spieleabend leider &#8230; <a class=\"more-link\" href=\"https:\/\/www.scv-jugend.de\/?p=8727\">Read More &raquo;<\/a><\/p>\n","protected":false},"author":11,"featured_media":0,"comment_status":"closed","ping_status":"closed","sticky":false,"template":"","format":"standard","meta":{"footnotes":""},"categories":[],"tags":[],"class_list":["post-8727","post","type-post","status-publish","format-standard","hentry"],"_links":{"self":[{"href":"https:\/\/www.scv-jugend.de\/index.php?rest_route=\/wp\/v2\/posts\/8727","targetHints":{"allow":["GET"]}}],"collection":[{"href":"https:\/\/www.scv-jugend.de\/index.php?rest_route=\/wp\/v2\/posts"}],"about":[{"href":"https:\/\/www.scv-jugend.de\/index.php?rest_route=\/wp\/v2\/types\/post"}],"author":[{"embeddable":true,"href":"https:\/\/www.scv-jugend.de\/index.php?rest_route=\/wp\/v2\/users\/11"}],"replies":[{"embeddable":true,"href":"https:\/\/www.scv-jugend.de\/index.php?rest_route=%2Fwp%2Fv2%2Fcomments&post=8727"}],"version-history":[{"count":2,"href":"https:\/\/www.scv-jugend.de\/index.php?rest_route=\/wp\/v2\/posts\/8727\/revisions"}],"predecessor-version":[{"id":8732,"href":"https:\/\/www.scv-jugend.de\/index.php?rest_route=\/wp\/v2\/posts\/8727\/revisions\/8732"}],"wp:attachment":[{"href":"https:\/\/www.scv-jugend.de\/index.php?rest_route=%2Fwp%2Fv2%2Fmedia&parent=8727"}],"wp:term":[{"taxonomy":"category","embeddable":true,"href":"https:\/\/www.scv-jugend.de\/index.php?rest_route=%2Fwp%2Fv2%2Fcategories&post=8727"},{"taxonomy":"post_tag","embeddable":true,"href":"https:\/\/www.scv-jugend.de\/index.php?rest_route=%2Fwp%2Fv2%2Ftags&post=8727"}],"curies":[{"name":"wp","href":"https:\/\/api.w.org\/{rel}","templated":true}]}}