{"id":8724,"date":"2020-11-09T07:00:08","date_gmt":"2020-11-09T05:00:08","guid":{"rendered":"https:\/\/www.scv-jugend.de\/?p=8724"},"modified":"2020-12-03T10:51:33","modified_gmt":"2020-12-03T08:51:33","slug":"einladung-zur-mitgliederversammlung-am-13-11-2020","status":"publish","type":"post","link":"https:\/\/www.scv-jugend.de\/?p=8724","title":{"rendered":"Einladung zur Mitgliederversammlung &#8211; verschoben auf 18.12. &#8211; Online-Mitgliederversammlung"},"content":{"rendered":"<p>Liebe Mitglieder,<\/p>\n<p>leider d\u00fcrfen wir die Mitgliederversammlung am 13.11. und am 04.12.2020 auf Grund der Corona-Situation nicht abhalten.<br \/>\nDie Vorstandsschaft hat sich daher darauf geeinigt, die vom Gesetzgeber geschaffene Form eine Online-Mitgliederversammlung zu nutzen und die Mitgliederversammlung am 18.12.2020, 19.30 Uhr als Online-Mitgliederversammlung \u00fcber Zoom abzuhalten.<br \/>\nWir bitte alle Mitglieder, die an der Versammlung teilnehmen m\u00f6chten, die Zugangsdaten bis Freitag, 18.12.2020, 17.00 Uhr per E-Mail unter vorstand@scv-jugend.de anzufordern.<br \/>\nBeginn der Veranstaltung ist um 19.30 Uhr.<\/p>\n<p>Bleibt gesund<br \/>\nDer Vorstand<\/p>\n<p>Liebe Mitglieder,<br \/>\nwir laden Euch zur Mitgliederversammlung am 13.11. in den Festsaal des limone in Zorneding-P\u00f6ring ein (siehe Einladung unten).<br \/>\nEs besteht die M\u00f6glichkeit etwas zu essen. Der Verein \u00fcbernimmt die Kosten hierf\u00fcr.<br \/>\n\u00dcber ein zahlreiches Erscheinen freuen sich<br \/>\nDomenica, Anton und Matthias<\/p>\n<p>Vaterstetten, den 11.10.2020<\/p>\n<p>Hiermit laden wir Sie im Namen der Vorstandschaft zur ordentlichen Mitgliederversammlung des SC Vaterstetten-Grasbrunn e. V. am Freitag, 13. November 2020, in den Festsaal des limone im Gasthof Mairsamer, Burgstr. 21, 85604 Zorneding-P\u00f6ring ein. Der Beginn ist um 19.30 Uhr.<\/p>\n<p>Tagesordnung<\/p>\n<p>1. Begr\u00fc\u00dfung und Feststellung der ordnungsgem\u00e4\u00dfen Einladung<br \/>\n2. Beschlussfassung \u00fcber die Tagesordnung<br \/>\n3. Bericht des Vorstandes<br \/>\n4. Bericht des Spielleiters<br \/>\n5. Bericht des Jugendleiters<br \/>\n6. Bericht des Materialwartes<br \/>\n7. Bericht des Kassiers<br \/>\n8. Bericht \u00fcber die Kassenpr\u00fcfung<br \/>\n9. Entlastung des Vorstandes<br \/>\n10. Beschlussfassung \u00fcber die Mitgliedsbeitr\u00e4ge<br \/>\nDer Vorstand schl\u00e4gt vor, die Mitgliedsbeitr\u00e4ge unver\u00e4ndert zu lassen:<br \/>\nKinder bis 14 Jahren: 29 \u20ac<br \/>\nJugendliche bis 20 Jahre: 29 \u20ac<br \/>\nErwachsene: 49 \u20ac<br \/>\nPassive Mitglieder: 39 \u20ac<br \/>\nFamilienmitgliedschaft: 99 \u20ac<br \/>\n11. Einsetzen des Wahlleiters<br \/>\n12. Neuwahlen von Vorstand, Vereinsausschuss und Kassenpr\u00fcfer<br \/>\n13. Sonstiges<br \/>\nMit freundlichen Gr\u00fc\u00dfen<br \/>\nDomenica Trifari-Fellmann \/ Anton Kawelke \/ Matthias Schmitt<br \/>\nAn der Flur 3<br \/>\n85604 Zorneding<br \/>\nE-Mail: vorstand@scv-jugend.de<br \/>\nwww.scv-jugend.de<\/p>\n","protected":false},"excerpt":{"rendered":"<p>Liebe Mitglieder, leider d\u00fcrfen wir die Mitgliederversammlung am 13.11. und am 04.12.2020 auf Grund der Corona-Situation nicht abhalten. Die Vorstandsschaft hat sich daher darauf geeinigt, die vom Gesetzgeber geschaffene Form eine Online-Mitgliederversammlung zu nutzen und die Mitgliederversammlung am 18.12.2020, 19.30 &#8230; <a class=\"more-link\" href=\"https:\/\/www.scv-jugend.de\/?p=8724\">Read More &raquo;<\/a><\/p>\n","protected":false},"author":11,"featured_media":0,"comment_status":"closed","ping_status":"closed","sticky":false,"template":"","format":"standard","meta":{"footnotes":""},"categories":[],"tags":[],"class_list":["post-8724","post","type-post","status-publish","format-standard","hentry"],"_links":{"self":[{"href":"https:\/\/www.scv-jugend.de\/index.php?rest_route=\/wp\/v2\/posts\/8724","targetHints":{"allow":["GET"]}}],"collection":[{"href":"https:\/\/www.scv-jugend.de\/index.php?rest_route=\/wp\/v2\/posts"}],"about":[{"href":"https:\/\/www.scv-jugend.de\/index.php?rest_route=\/wp\/v2\/types\/post"}],"author":[{"embeddable":true,"href":"https:\/\/www.scv-jugend.de\/index.php?rest_route=\/wp\/v2\/users\/11"}],"replies":[{"embeddable":true,"href":"https:\/\/www.scv-jugend.de\/index.php?rest_route=%2Fwp%2Fv2%2Fcomments&post=8724"}],"version-history":[{"count":6,"href":"https:\/\/www.scv-jugend.de\/index.php?rest_route=\/wp\/v2\/posts\/8724\/revisions"}],"predecessor-version":[{"id":8753,"href":"https:\/\/www.scv-jugend.de\/index.php?rest_route=\/wp\/v2\/posts\/8724\/revisions\/8753"}],"wp:attachment":[{"href":"https:\/\/www.scv-jugend.de\/index.php?rest_route=%2Fwp%2Fv2%2Fmedia&parent=8724"}],"wp:term":[{"taxonomy":"category","embeddable":true,"href":"https:\/\/www.scv-jugend.de\/index.php?rest_route=%2Fwp%2Fv2%2Fcategories&post=8724"},{"taxonomy":"post_tag","embeddable":true,"href":"https:\/\/www.scv-jugend.de\/index.php?rest_route=%2Fwp%2Fv2%2Ftags&post=8724"}],"curies":[{"name":"wp","href":"https:\/\/api.w.org\/{rel}","templated":true}]}}