{"id":8670,"date":"2020-05-11T08:16:14","date_gmt":"2020-05-11T06:16:14","guid":{"rendered":"https:\/\/www.scv-jugend.de\/?p=8670"},"modified":"2020-05-11T08:16:14","modified_gmt":"2020-05-11T06:16:14","slug":"schach-bezirksverband-update-mmm-und-senmm","status":"publish","type":"post","link":"https:\/\/www.scv-jugend.de\/?p=8670","title":{"rendered":"Schach-Bezirksverband: Update MMM und SenMM"},"content":{"rendered":"<p>Mail von J\u00f6rg Wengler:<\/p>\n<p>Liebe Vereinsvorsitzende und Mitglieder des Verbandsausschusses,<\/p>\n<p>der Vorstand des Bezirksverbandes hat heute nach eingehender Beratung folgende Beschl\u00fcsse gefasst:<\/p>\n<p>\u2022\tDie noch ausstehenden Spieltage der M\u00fcnchner Mannschaftsmeisterschaft (MMM) sowie der M\u00fcnchener Senioren-Mannschaftsmeisterschaft (MSenMM) werden fr\u00fchestens nach Ende der Sommerferien, d.h. ab September stattfinden.<br \/>\n\u2022\tDie M\u00fcnchner Senioren-Einzelmeisterschaft wird nicht wie geplant im Sommer stattfinden, sondern zun\u00e4chst auf unbestimmte Zeit verschoben.<\/p>\n<p>Die aktuelle Situation im Zusammenhang mit der Corona-Krise erlaubt es dem Bezirksverband leider nicht, in n\u00e4herer Zukunft zu einem geordneten Spielbetrieb zur\u00fcckzukehren. Die Gew\u00e4hrleistung der pers\u00f6nlichen Sicherheit aller Teilnehmer an den Veranstaltungen des Bezirksverbands ist das oberste Gebot. Hierf\u00fcr m\u00fcssen die organisatorischen Voraussetzungen in Abh\u00e4ngigkeit von den jeweiligen beh\u00f6rdlichen Vorgaben f\u00fcr die Durchf\u00fchrung von Sportveranstaltungen zun\u00e4chst noch geschaffen werden.<\/p>\n<p>F\u00fcr den weiteren Ablauf der MMM und der MSenMM stehen derzeit noch folgende beiden Alternativen zur Wahl:<\/p>\n<p>\u2022\tFortsetzung der MMM und MSenMM 2019\/2020 im Herbst und daran anschlie\u00dfend Durchf\u00fchrung einer kompletten neuen Saison 2020\/2021<br \/>\n\u2022\tBeendigung der unterbrochenen Saison im Fr\u00fchjahr 2021 (d.h. Umwandlung der Saison 2019\/2020 in eine Saison 2019\/2021)<\/p>\n<p>Bei der Entscheidung f\u00fcr eine dieser beiden Varianten sind mehrere Faktoren zu ber\u00fccksichtigen, wie zum Beispiel:<\/p>\n<p>\u2022\tEntwicklung der Pandemie und der damit verbundenen beh\u00f6rdlichen Vorgaben<br \/>\n\u2022\tUmsetzbarkeit geeigneter Ma\u00dfnahmen zum Infektionsschutz bei Schachwettk\u00e4mpfen<br \/>\n\u2022\tSituation in den Vereinen, u.a. hinsichtlich der Verf\u00fcgbarkeit von Spiellokalen<br \/>\n\u2022\tEntscheidungen der \u00fcbergeordneten Verb\u00e4nde<\/p>\n<p>Eine abschlie\u00dfende Entscheidung f\u00fcr eine der beiden genannten Alternativen sollte sp\u00e4testens im Zeitraum Juli\/August getroffen werden. Um diese Entscheidung angemessen vorzubereiten, soll die Planung zun\u00e4chst weiter konkretisiert und mit den Vereinen diskutiert werden. Hierf\u00fcr ist eine Video\/Telefon-Konferenz f\u00fcr Mittwoch, den 24.06.2020 um 19:30 Uhr geplant. N\u00e4here Informationen hierzu, insbesondere die Einwahldaten, werden in K\u00fcrze noch bekannt gegeben. Es wird darum gebeten, sich diesen Termin schon einmal vorzumerken.<\/p>\n<p>Zwischenzeitlich stehen wir f\u00fcr Fragen und Kommentare selbstverst\u00e4ndlich jederzeit gerne zur Verf\u00fcgung.<\/p>\n<p>Freundliche Gr\u00fc\u00dfe!<\/p>\n<p>J\u00f6rg Wengler<br \/>\n1. Vorsitzender<br \/>\nSchach-Bezirksverband M\u00fcnchen e.V.<\/p>\n","protected":false},"excerpt":{"rendered":"<p>Mail von J\u00f6rg Wengler: Liebe Vereinsvorsitzende und Mitglieder des Verbandsausschusses, der Vorstand des Bezirksverbandes hat heute nach eingehender Beratung folgende Beschl\u00fcsse gefasst: \u2022 Die noch ausstehenden Spieltage der M\u00fcnchner Mannschaftsmeisterschaft (MMM) sowie der M\u00fcnchener Senioren-Mannschaftsmeisterschaft (MSenMM) werden fr\u00fchestens nach Ende &#8230; <a class=\"more-link\" href=\"https:\/\/www.scv-jugend.de\/?p=8670\">Read More &raquo;<\/a><\/p>\n","protected":false},"author":11,"featured_media":0,"comment_status":"closed","ping_status":"closed","sticky":false,"template":"","format":"standard","meta":{"footnotes":""},"categories":[],"tags":[],"class_list":["post-8670","post","type-post","status-publish","format-standard","hentry"],"_links":{"self":[{"href":"https:\/\/www.scv-jugend.de\/index.php?rest_route=\/wp\/v2\/posts\/8670","targetHints":{"allow":["GET"]}}],"collection":[{"href":"https:\/\/www.scv-jugend.de\/index.php?rest_route=\/wp\/v2\/posts"}],"about":[{"href":"https:\/\/www.scv-jugend.de\/index.php?rest_route=\/wp\/v2\/types\/post"}],"author":[{"embeddable":true,"href":"https:\/\/www.scv-jugend.de\/index.php?rest_route=\/wp\/v2\/users\/11"}],"replies":[{"embeddable":true,"href":"https:\/\/www.scv-jugend.de\/index.php?rest_route=%2Fwp%2Fv2%2Fcomments&post=8670"}],"version-history":[{"count":2,"href":"https:\/\/www.scv-jugend.de\/index.php?rest_route=\/wp\/v2\/posts\/8670\/revisions"}],"predecessor-version":[{"id":8673,"href":"https:\/\/www.scv-jugend.de\/index.php?rest_route=\/wp\/v2\/posts\/8670\/revisions\/8673"}],"wp:attachment":[{"href":"https:\/\/www.scv-jugend.de\/index.php?rest_route=%2Fwp%2Fv2%2Fmedia&parent=8670"}],"wp:term":[{"taxonomy":"category","embeddable":true,"href":"https:\/\/www.scv-jugend.de\/index.php?rest_route=%2Fwp%2Fv2%2Fcategories&post=8670"},{"taxonomy":"post_tag","embeddable":true,"href":"https:\/\/www.scv-jugend.de\/index.php?rest_route=%2Fwp%2Fv2%2Ftags&post=8670"}],"curies":[{"name":"wp","href":"https:\/\/api.w.org\/{rel}","templated":true}]}}