{"id":8503,"date":"2019-10-13T15:00:08","date_gmt":"2019-10-13T13:00:08","guid":{"rendered":"https:\/\/www.scv-jugend.de\/?p=8503"},"modified":"2019-10-13T17:02:59","modified_gmt":"2019-10-13T15:02:59","slug":"c-trainer-verlaengerungskurs-in-vaterstetten","status":"publish","type":"post","link":"https:\/\/www.scv-jugend.de\/?p=8503","title":{"rendered":"C-Trainer Verl\u00e4ngerungskurs in Vaterstetten"},"content":{"rendered":"\n<p><strong>12 Schachtrainer verl\u00e4ngern ihre Trainerscheine erfolgreich<\/strong><\/p>\n\n\n\n<p>Am Wochenende des 12.10\/13.10 trafen sich in Neukeferloh-Grasbrunn zw\u00f6lf Schachtrainer im Spielsaal des SC Vaterstetten-Grasbrunn um die vor Jahren erworbenen Trainerscheine zu verl\u00e4ngern und das Wissen wieder aufzufrischen. <\/p>\n\n\n\n<p>Lehrgangsleiter Johannes Rieder, einer unser ehemaligen FSJ-ler, er\u00f6ffnete am Samstagmorgen den Kurs mit einem sehr interessanten Thema zur Sozialkompetenz und Psychologie im Schachtraining. Nach einer kurzen Verschnaufpause nach so viel neuem Input \u00fcbernahm Matthias Schmitt das Ruder mit den wichtigen Themen Jugendschutz und Ehrenkodex f\u00fcr Trainer, gefolgt dem wichtigen Thema Pr\u00e4ventation sexueller Gewalt. Alle Lehrgangsteilnehmer unterzeichneten den Ehrenkodex f\u00fcr Ehrenamtlich T\u00e4tige.<\/p>\n\n\n\n<p>Nach der Mittagspause gab der Gastdozent Dr. Ziegler einen Vortrag \u00fcber \u201eStarke und Schwache Felder\u201c im Rahmen seines Erwerbs der A-Trainer Lizenz, mit Fokus auf der taktischen und strategischen Ausnutzung solcher Felder. Nach einer kurzen Pause gab Johannes Rieder weitere didaktische schachliche Tools f\u00fcrs Training an die Hand, so dass durch diese beiden Themen auch der schachliche Aspekt des Kurses am Samstag nicht zu kurz kam.  Abgeschlossen wurde der Samstag mit einem Diskurs zu Fairplay und Fairness.  <\/p>\n\n\n\n<p>Am zweiten Tag begann der Morgen direkt\nmit einem schachlichen Exkurs zur Franz\u00f6sischen Er\u00f6ffnung, den\nunser zweiter Gastdozent Lars Urban zum Erwerb seiner\nA-Trainer-Lizenz hielt. \n<\/p>\n\n\n\n<p>FA Simon Pernpeintner frischte das FIDE-Regel-Wissen der Teilnehmer auf, indem er auf die Neuerungen der letzten Zeit genauer vorstellte. Auch die aktuelle Problematik e-Cheating\/e-Doping durch Smartphones und \u2013 watches kam im darauf folgenden Vortrag nicht zu kurz.  Weiter im Programm \u00fcbernahm wieder Johannes Rieder das Ruder und gab einen vertieften Einblick in Schachvarianten und wie man diese am Besten anwendet. Die schachliche Entwicklung von Kindern ist f\u00fcr jeden C-Trainer absolut essentiell und so wurde nochmal in diesem Kurs darauf eingegangen. <\/p>\n\n\n\n<p>Abgerundet wurde der zweite Tag zum Abschluss mit Empfehlungen f\u00fcr Schachmaterial und weiterer Literatur um das Schachtraining im Verein und in der Schule auf ein neues Level zu bringen, bevor am Nachmittag der Kurs offiziell beendet wurde.  <\/p>\n\n\n\n<p>Vielen Dank an Johannes Rieder f\u00fcr diesen tollen C-Trainer Kurs bei uns in Vaterstetten-Grasbrunn, wir haben viel gelernt!<\/p>\n\n\n\n<figure class=\"wp-block-image\"><img loading=\"lazy\" decoding=\"async\" width=\"1024\" height=\"768\" src=\"https:\/\/www.scv-jugend.de\/wp-content\/uploads\/IMG-20191013-WA0007-1024x768.jpg\" alt=\"\" class=\"wp-image-8502\" srcset=\"https:\/\/www.scv-jugend.de\/wp-content\/uploads\/IMG-20191013-WA0007-1024x768.jpg 1024w, https:\/\/www.scv-jugend.de\/wp-content\/uploads\/IMG-20191013-WA0007-300x225.jpg 300w, https:\/\/www.scv-jugend.de\/wp-content\/uploads\/IMG-20191013-WA0007-940x705.jpg 940w, https:\/\/www.scv-jugend.de\/wp-content\/uploads\/IMG-20191013-WA0007.jpg 1600w\" sizes=\"auto, (max-width: 1024px) 100vw, 1024px\" \/><\/figure>\n\n\n\n<p>  <\/p>\n","protected":false},"excerpt":{"rendered":"<p>12 Schachtrainer verl\u00e4ngern ihre Trainerscheine erfolgreich Am Wochenende des 12.10\/13.10 trafen sich in Neukeferloh-Grasbrunn zw\u00f6lf Schachtrainer im Spielsaal des SC Vaterstetten-Grasbrunn um die vor Jahren erworbenen Trainerscheine zu verl\u00e4ngern und das Wissen wieder aufzufrischen. Lehrgangsleiter Johannes Rieder, einer unser ehemaligen &#8230; <a class=\"more-link\" href=\"https:\/\/www.scv-jugend.de\/?p=8503\">Read More &raquo;<\/a><\/p>\n","protected":false},"author":1,"featured_media":0,"comment_status":"closed","ping_status":"closed","sticky":false,"template":"","format":"standard","meta":{"footnotes":""},"categories":[],"tags":[],"class_list":["post-8503","post","type-post","status-publish","format-standard","hentry"],"_links":{"self":[{"href":"https:\/\/www.scv-jugend.de\/index.php?rest_route=\/wp\/v2\/posts\/8503","targetHints":{"allow":["GET"]}}],"collection":[{"href":"https:\/\/www.scv-jugend.de\/index.php?rest_route=\/wp\/v2\/posts"}],"about":[{"href":"https:\/\/www.scv-jugend.de\/index.php?rest_route=\/wp\/v2\/types\/post"}],"author":[{"embeddable":true,"href":"https:\/\/www.scv-jugend.de\/index.php?rest_route=\/wp\/v2\/users\/1"}],"replies":[{"embeddable":true,"href":"https:\/\/www.scv-jugend.de\/index.php?rest_route=%2Fwp%2Fv2%2Fcomments&post=8503"}],"version-history":[{"count":3,"href":"https:\/\/www.scv-jugend.de\/index.php?rest_route=\/wp\/v2\/posts\/8503\/revisions"}],"predecessor-version":[{"id":8508,"href":"https:\/\/www.scv-jugend.de\/index.php?rest_route=\/wp\/v2\/posts\/8503\/revisions\/8508"}],"wp:attachment":[{"href":"https:\/\/www.scv-jugend.de\/index.php?rest_route=%2Fwp%2Fv2%2Fmedia&parent=8503"}],"wp:term":[{"taxonomy":"category","embeddable":true,"href":"https:\/\/www.scv-jugend.de\/index.php?rest_route=%2Fwp%2Fv2%2Fcategories&post=8503"},{"taxonomy":"post_tag","embeddable":true,"href":"https:\/\/www.scv-jugend.de\/index.php?rest_route=%2Fwp%2Fv2%2Ftags&post=8503"}],"curies":[{"name":"wp","href":"https:\/\/api.w.org\/{rel}","templated":true}]}}