{"id":8294,"date":"2019-06-07T08:01:26","date_gmt":"2019-06-07T06:01:26","guid":{"rendered":"https:\/\/www.scv-jugend.de\/?p=8294"},"modified":"2019-06-23T12:40:28","modified_gmt":"2019-06-23T10:40:28","slug":"einzug-der-vereine-beim-vaterstettener-volksfest-am-19-juni","status":"publish","type":"post","link":"https:\/\/www.scv-jugend.de\/?p=8294","title":{"rendered":"Einzug der Vereine beim Vaterstettener Volksfest am 19. Juni"},"content":{"rendered":"<p>Bericht:<br \/>\n<strong>&#8222;Auch dies ist eine Sportart&#8220;<\/strong><br \/>\nMit diesen ersten Worten wurden wir auf dem Volksfest begr\u00fc\u00dft. Wir wussten genau, wer damit gemeint war: der Schachklub Vaterstetten-Grasbrunn. Ein super tolles Gef\u00fchl war, es gemeinsam zu acht vom Schachklub und weiteren hunderten von Feuerwehrleuten, Sportlern und K\u00fcnstlern auf dem Weg vom Rathaus Vaterstetten zum Festzelt gegen\u00fcber von dem Sportplatz zu laufen. Viele Zuschauer haben uns zugesehen und begleitet.<\/p>\n<p>Die Autofahrer waren bestimmt verstimmt, da die Stra\u00dfen auf dem ganzen Weg gesperrt worden waren. Uns war es egal, wir haben uns auf das Volksfest und auf die Stimmung gefreut.<br \/>\nMit der Ansprache und dem Anstich vom B\u00fcrgermeister Vaterstettens Herrn\u00a0Georg Reitsberger begann die Gaudi. Viel Musik und ordentlich zu Essen und Trinken wurde geboten. Eine tolle Veranstaltung, auf der wir uns als Verein gut pr\u00e4sentieren konnten. Mit acht Teilnehmern waren wir nicht die kleinste Gruppe. Vielen Dank an alle, die dabei waren.<\/p>\n<p><img loading=\"lazy\" decoding=\"async\" class=\"alignnone size-medium wp-image-8321\" src=\"https:\/\/www.scv-jugend.de\/wp-content\/uploads\/20190619_183209-300x225.jpg\" alt=\"\" width=\"300\" height=\"225\" srcset=\"https:\/\/www.scv-jugend.de\/wp-content\/uploads\/20190619_183209-300x225.jpg 300w, https:\/\/www.scv-jugend.de\/wp-content\/uploads\/20190619_183209-1024x768.jpg 1024w, https:\/\/www.scv-jugend.de\/wp-content\/uploads\/20190619_183209-940x705.jpg 940w\" sizes=\"auto, (max-width: 300px) 100vw, 300px\" \/> <img loading=\"lazy\" decoding=\"async\" class=\"alignnone size-medium wp-image-8320\" src=\"https:\/\/www.scv-jugend.de\/wp-content\/uploads\/20190619_180214-e1561234677263-225x300.jpg\" alt=\"\" width=\"225\" height=\"300\" srcset=\"https:\/\/www.scv-jugend.de\/wp-content\/uploads\/20190619_180214-e1561234677263-225x300.jpg 225w, https:\/\/www.scv-jugend.de\/wp-content\/uploads\/20190619_180214-e1561234677263-768x1024.jpg 768w, https:\/\/www.scv-jugend.de\/wp-content\/uploads\/20190619_180214-e1561234677263-940x1253.jpg 940w\" sizes=\"auto, (max-width: 225px) 100vw, 225px\" \/> <img loading=\"lazy\" decoding=\"async\" class=\"alignnone size-medium wp-image-8319\" src=\"https:\/\/www.scv-jugend.de\/wp-content\/uploads\/IMG-20190619-WA0001-300x225.jpg\" alt=\"\" width=\"300\" height=\"225\" srcset=\"https:\/\/www.scv-jugend.de\/wp-content\/uploads\/IMG-20190619-WA0001-300x225.jpg 300w, https:\/\/www.scv-jugend.de\/wp-content\/uploads\/IMG-20190619-WA0001-1024x768.jpg 1024w, https:\/\/www.scv-jugend.de\/wp-content\/uploads\/IMG-20190619-WA0001-940x705.jpg 940w, https:\/\/www.scv-jugend.de\/wp-content\/uploads\/IMG-20190619-WA0001.jpg 1600w\" sizes=\"auto, (max-width: 300px) 100vw, 300px\" \/> <img loading=\"lazy\" decoding=\"async\" class=\"alignnone size-medium wp-image-8318\" src=\"https:\/\/www.scv-jugend.de\/wp-content\/uploads\/20190619_191741-e1561234690705-300x225.jpg\" alt=\"\" width=\"300\" height=\"225\" srcset=\"https:\/\/www.scv-jugend.de\/wp-content\/uploads\/20190619_191741-e1561234690705-300x225.jpg 300w, https:\/\/www.scv-jugend.de\/wp-content\/uploads\/20190619_191741-e1561234690705-1024x768.jpg 1024w, https:\/\/www.scv-jugend.de\/wp-content\/uploads\/20190619_191741-e1561234690705-940x705.jpg 940w\" sizes=\"auto, (max-width: 300px) 100vw, 300px\" \/><\/p>\n<figure id=\"attachment_8317\" aria-describedby=\"caption-attachment-8317\" style=\"width: 300px\" class=\"wp-caption alignnone\"><img loading=\"lazy\" decoding=\"async\" class=\"size-medium wp-image-8317\" src=\"https:\/\/www.scv-jugend.de\/wp-content\/uploads\/20190619_184454-300x225.jpg\" alt=\"\" width=\"300\" height=\"225\" srcset=\"https:\/\/www.scv-jugend.de\/wp-content\/uploads\/20190619_184454-300x225.jpg 300w, https:\/\/www.scv-jugend.de\/wp-content\/uploads\/20190619_184454-1024x768.jpg 1024w, https:\/\/www.scv-jugend.de\/wp-content\/uploads\/20190619_184454-940x705.jpg 940w\" sizes=\"auto, (max-width: 300px) 100vw, 300px\" \/><figcaption id=\"caption-attachment-8317\" class=\"wp-caption-text\">Volksfest Vaterstetten<\/figcaption><\/figure>\n<p><img loading=\"lazy\" decoding=\"async\" class=\"alignnone size-medium wp-image-8316\" src=\"https:\/\/www.scv-jugend.de\/wp-content\/uploads\/20190619_183148-e1561212261304-300x225.jpg\" alt=\"\" width=\"300\" height=\"225\" srcset=\"https:\/\/www.scv-jugend.de\/wp-content\/uploads\/20190619_183148-e1561212261304-300x225.jpg 300w, https:\/\/www.scv-jugend.de\/wp-content\/uploads\/20190619_183148-e1561212261304-1024x768.jpg 1024w, https:\/\/www.scv-jugend.de\/wp-content\/uploads\/20190619_183148-e1561212261304-940x705.jpg 940w\" sizes=\"auto, (max-width: 300px) 100vw, 300px\" \/><\/p>\n<p>Auf das n\u00e4chste Jahr, mit hoffentlich noch viel mehr Teilnehmern.<\/p>\n<p>geschrieben von Suhel Abdalla<\/p>\n<p>&#8212;&#8212;&#8212;&#8212;&#8212;&#8212;&#8212;&#8212;&#8212;&#8212;&#8212;&#8212;&#8212;&#8212;&#8212;&#8212;&#8212;&#8212;&#8212;&#8212;&#8212;&#8212;&#8212;&#8212;&#8212;&#8212;&#8212;&#8212;&#8212;&#8212;&#8212;&#8212;&#8212;&#8212;&#8212;&#8212;&#8212;&#8212;<\/p>\n<p>Liebe Schachfreunde,<\/p>\n<p>am Mittwoch, 19. Juni (Tag vor Fronleichnam) findet der traditionelle Einzug der Vereine zum Vaterstettener Volksfest statt.<br \/>\nTreffpunkt ist um 18.00 Uhr am Rathaus Vaterstetten. Ab 18.30 Uhr zieht der Festzug los.<\/p>\n<p>Bitte meldet Euch bei Suhel Abdalla (lehus [at] hotmail.de), wenn Ihr mit dabei sein wollt. Jedes gemeldete Vereinsmitglied erh\u00e4lt ein Freigetr\u00e4nk!<\/p>\n<p>Sch\u00f6ne Gr\u00fc\u00dfe &amp; sch\u00f6ne Pfingstferien w\u00fcnscht<\/p>\n<p>Matthias Schmitt<\/p>\n<p>Teilnehmer:<br \/>\nSuhel Abdalla<br \/>\nChristian S\u00fc\u00df<br \/>\nJulia und Christian Kraftsik<br \/>\nMaike Menzner<br \/>\nFamilie Lanzend\u00f6rfer<br \/>\nOliver Schumann<\/p>\n","protected":false},"excerpt":{"rendered":"<p>Bericht: &#8222;Auch dies ist eine Sportart&#8220; Mit diesen ersten Worten wurden wir auf dem Volksfest begr\u00fc\u00dft. Wir wussten genau, wer damit gemeint war: der Schachklub Vaterstetten-Grasbrunn. Ein super tolles Gef\u00fchl war, es gemeinsam zu acht vom Schachklub und weiteren hunderten &#8230; <a class=\"more-link\" href=\"https:\/\/www.scv-jugend.de\/?p=8294\">Read More &raquo;<\/a><\/p>\n","protected":false},"author":11,"featured_media":0,"comment_status":"closed","ping_status":"closed","sticky":false,"template":"","format":"standard","meta":{"footnotes":""},"categories":[],"tags":[],"class_list":["post-8294","post","type-post","status-publish","format-standard","hentry"],"_links":{"self":[{"href":"https:\/\/www.scv-jugend.de\/index.php?rest_route=\/wp\/v2\/posts\/8294","targetHints":{"allow":["GET"]}}],"collection":[{"href":"https:\/\/www.scv-jugend.de\/index.php?rest_route=\/wp\/v2\/posts"}],"about":[{"href":"https:\/\/www.scv-jugend.de\/index.php?rest_route=\/wp\/v2\/types\/post"}],"author":[{"embeddable":true,"href":"https:\/\/www.scv-jugend.de\/index.php?rest_route=\/wp\/v2\/users\/11"}],"replies":[{"embeddable":true,"href":"https:\/\/www.scv-jugend.de\/index.php?rest_route=%2Fwp%2Fv2%2Fcomments&post=8294"}],"version-history":[{"count":6,"href":"https:\/\/www.scv-jugend.de\/index.php?rest_route=\/wp\/v2\/posts\/8294\/revisions"}],"predecessor-version":[{"id":8329,"href":"https:\/\/www.scv-jugend.de\/index.php?rest_route=\/wp\/v2\/posts\/8294\/revisions\/8329"}],"wp:attachment":[{"href":"https:\/\/www.scv-jugend.de\/index.php?rest_route=%2Fwp%2Fv2%2Fmedia&parent=8294"}],"wp:term":[{"taxonomy":"category","embeddable":true,"href":"https:\/\/www.scv-jugend.de\/index.php?rest_route=%2Fwp%2Fv2%2Fcategories&post=8294"},{"taxonomy":"post_tag","embeddable":true,"href":"https:\/\/www.scv-jugend.de\/index.php?rest_route=%2Fwp%2Fv2%2Ftags&post=8294"}],"curies":[{"name":"wp","href":"https:\/\/api.w.org\/{rel}","templated":true}]}}