{"id":8094,"date":"2019-01-09T12:38:55","date_gmt":"2019-01-09T10:38:55","guid":{"rendered":"http:\/\/www.scv-jugend.de\/?p=8094"},"modified":"2019-01-09T12:48:31","modified_gmt":"2019-01-09T10:48:31","slug":"kreissparkasse-muenchen-starnberg-ebersberg-unterstuetzt-schach-in-der-schule-mit-500-e","status":"publish","type":"post","link":"https:\/\/www.scv-jugend.de\/?p=8094","title":{"rendered":"Kreissparkasse M\u00fcnchen Starnberg Ebersberg unterst\u00fctzt Schach in der Grundschule mit 500 \u20ac"},"content":{"rendered":"<p>Die Kreissparkasse M\u00fcnchen Starnberg Ebersberg unterst\u00fctzt das Freiwillig Soziale Jahr unseres FSJlers Oliver Schumann mit einer Spende von 500 \u20ac. Vielen Dank f\u00fcr diese gro\u00dfz\u00fcgige Unterst\u00fctzung! Der Zornedinger Oliver Schumann bringt ein Jahr lang Grundsch\u00fclern in Zorneding, Vaterstetten, Baldham und Neukeferloh Schach bei. In Zorneding geschieht dies sogar im Rahmen des normalen Unterrichts, da Schach die Konzentrationsf\u00e4higkeit und das r\u00e4umliche Denkverm\u00f6gen f\u00f6rdert und so den Kindern die Schule erleichtert. Die Ebersberger Zeitung hat ausf\u00fchrlich dar\u00fcber berichtet:\u00a0<a href=\"http:\/\/www.scv-jugend.de\/?p=7914\">http:\/\/www.scv-jugend.de\/?p=7914<\/a><\/p>\n<p>Die Kreissparkasse M\u00fcnchen Starnberg Ebersberg ist einer der gr\u00f6\u00dften F\u00f6rderer von Sport, Sozialem, Kunst und Kultur. Mehr \u00fcber das Engagement der Kreissparkasse gibt es auf deren <a href=\"https:\/\/kskmse.blog\/\">Blog <\/a>sowie auf der <a href=\"https:\/\/www.facebook.com\/kskmse\/\">Facebook-Seite<\/a>:<br \/>\n<a href=\"https:\/\/kskmse.blog\">https:\/\/kskmse.blog<\/a><br \/>\n<a href=\"https:\/\/www.facebook.com\/kskmse\/\">https:\/\/www.facebook.com\/kskmse\/<\/a><\/p>\n<p><a href=\"https:\/\/kskmse.blog\/\" rel=\"attachment wp-att-8109\"><img loading=\"lazy\" decoding=\"async\" class=\"alignnone size-large wp-image-8109\" src=\"http:\/\/www.scv-jugend.de\/wp-content\/uploads\/Sparkasse_logo-1024x444.jpg\" alt=\"Sparkasse_logo\" width=\"598\" height=\"259\" srcset=\"https:\/\/www.scv-jugend.de\/wp-content\/uploads\/Sparkasse_logo-1024x444.jpg 1024w, https:\/\/www.scv-jugend.de\/wp-content\/uploads\/Sparkasse_logo-300x130.jpg 300w, https:\/\/www.scv-jugend.de\/wp-content\/uploads\/Sparkasse_logo-600x260.jpg 600w\" sizes=\"auto, (max-width: 598px) 100vw, 598px\" \/><\/a><\/p>\n","protected":false},"excerpt":{"rendered":"<p>Die Kreissparkasse M\u00fcnchen Starnberg Ebersberg unterst\u00fctzt das Freiwillig Soziale Jahr unseres FSJlers Oliver Schumann mit einer Spende von 500 \u20ac. Vielen Dank f\u00fcr diese gro\u00dfz\u00fcgige Unterst\u00fctzung! Der Zornedinger Oliver Schumann bringt ein Jahr lang Grundsch\u00fclern in Zorneding, Vaterstetten, Baldham und &#8230; <a class=\"more-link\" href=\"https:\/\/www.scv-jugend.de\/?p=8094\">Read More &raquo;<\/a><\/p>\n","protected":false},"author":11,"featured_media":0,"comment_status":"closed","ping_status":"closed","sticky":false,"template":"","format":"standard","meta":{"footnotes":""},"categories":[],"tags":[],"class_list":["post-8094","post","type-post","status-publish","format-standard","hentry"],"_links":{"self":[{"href":"https:\/\/www.scv-jugend.de\/index.php?rest_route=\/wp\/v2\/posts\/8094","targetHints":{"allow":["GET"]}}],"collection":[{"href":"https:\/\/www.scv-jugend.de\/index.php?rest_route=\/wp\/v2\/posts"}],"about":[{"href":"https:\/\/www.scv-jugend.de\/index.php?rest_route=\/wp\/v2\/types\/post"}],"author":[{"embeddable":true,"href":"https:\/\/www.scv-jugend.de\/index.php?rest_route=\/wp\/v2\/users\/11"}],"replies":[{"embeddable":true,"href":"https:\/\/www.scv-jugend.de\/index.php?rest_route=%2Fwp%2Fv2%2Fcomments&post=8094"}],"version-history":[{"count":3,"href":"https:\/\/www.scv-jugend.de\/index.php?rest_route=\/wp\/v2\/posts\/8094\/revisions"}],"predecessor-version":[{"id":8118,"href":"https:\/\/www.scv-jugend.de\/index.php?rest_route=\/wp\/v2\/posts\/8094\/revisions\/8118"}],"wp:attachment":[{"href":"https:\/\/www.scv-jugend.de\/index.php?rest_route=%2Fwp%2Fv2%2Fmedia&parent=8094"}],"wp:term":[{"taxonomy":"category","embeddable":true,"href":"https:\/\/www.scv-jugend.de\/index.php?rest_route=%2Fwp%2Fv2%2Fcategories&post=8094"},{"taxonomy":"post_tag","embeddable":true,"href":"https:\/\/www.scv-jugend.de\/index.php?rest_route=%2Fwp%2Fv2%2Ftags&post=8094"}],"curies":[{"name":"wp","href":"https:\/\/api.w.org\/{rel}","templated":true}]}}