{"id":7897,"date":"2018-11-21T10:17:21","date_gmt":"2018-11-21T08:17:21","guid":{"rendered":"http:\/\/www.scv-jugend.de\/?p=7897"},"modified":"2018-11-21T10:18:42","modified_gmt":"2018-11-21T08:18:42","slug":"wiederbelebung-vereinsabend","status":"publish","type":"post","link":"https:\/\/www.scv-jugend.de\/?p=7897","title":{"rendered":"Wiederbelebung Vereinsabend"},"content":{"rendered":"<p>Liebe Schachfreunde,<\/p>\n<p>auf unserer Mitgliederversammlung hatte sich Karl-Hermann M\u00fchlhaus bereit erkl\u00e4rt, sich Gedanken \u00fcber die Wiederbelebung des Vereinsabends zu machen. Anbei sein Rundbrief und seine Gedanken, die die Vorstandschaft sowie alle am 15. November auf der offenen Vorstandssitzung Anwesenden sehr gut fanden und die wir deshalb anbei als Briefpost an unsere Mitglieder senden.<\/p>\n<p>Feedback bitte direkt an Karl-Hermann M\u00fchlhaus: khwcmuehl [at] web.de oder telefonisch: 08106 \u2013 377386.<\/p>\n<p>Hallo Schachfreunde,<br \/>\nDer Schachclub Vaterstetten-Grasbrunn ist schon lange als bedeutender Verein f\u00fcr Kinder und Jugendliche bekannt, anerkannt und ausgezeichnet und hat Erfolge bis in die deutsche Spitzenklasse und sogar in Weltturnieren. Da l\u00e4uft auch heute noch viel. Daf\u00fcr hat der Verein den vielen zu danken, die sich hier in der Vergangenheit engagiert haben und heute engagieren.<br \/>\nAuch bei den Erwachsenen hat der Verein Erfolge aufzuweisen, wenn es da auch schwierig ist, die vielen starken Spieler immer wieder zusammen zu bekommen. So ist im vorigen Jahr die zweite Mannschaft aus der D-Klasse in die C-Klasse aufgestiegen. Aber jetzt haben wir nicht genug Spieler, um diesen Platz einzunehmen.<br \/>\nDoch der Vereinsabend hat schon lange geschw\u00e4chelt. Und er ist dabei, ganz zu entschlafen Manche st\u00f6rt das vielleicht nicht. Andere bedauern es, so wie ich. Ein Schachclub ohne Vereinsabend?<br \/>\nDie Kinder und Jugendlichen haben nicht nur Training, sondern spielen auch gerne miteinander vor oder nach dem Training. Aber die Erwachsenen treffen sich fast nur zu Turnieren und Mannschaftswettk\u00e4mpfen.<br \/>\nWarum ist ein Vereinsabend wichtig? Spielen kann man ja auch am Computer.<br \/>\nDa ist vor allem der Spa\u00dffaktor. Wenn es immer um Punkte und DWZ geht, fehlt die Leichtigkeit. Wenn man einfach so spielt, kann man neues ausprobieren, auch was man nicht so gut kennt. Es f\u00f6rdert die Kreativit\u00e4t und die Lockerheit. Au\u00dferdem lernt man sich pers\u00f6nlich kennen, es f\u00f6rdert den Zusammenhalt im Verein.<br \/>\nEs kann manchmal oder immer, je nach M\u00f6glichkeiten, ein St\u00fcck Training stattfinden. Das hat es schon immer wieder einmal gegeben, aber seit l\u00e4ngerem nicht mehr. Es muss ja nicht so lang sein, vielleicht nur eine halbe bis eine Stunde. Dann hat man noch Zeit f\u00fcr freie Partien.<br \/>\nAber wer soll denn kommen, wenn man nicht wei\u00df, ob \u00fcberhaupt jemand da ist?<br \/>\nDeshalb br\u00e4uchte es ein paar Leute, denen daran liegt, dass es einen Vereinsabend gibt, dass man ein paar Partien ohne Druck spielen kann, dass es auch etwas Training f\u00fcr Erwachsene gibt. Das hei\u00dft, es m\u00fcssten sich, sagen wir mindestens vier, Leute bereit erkl\u00e4ren, am Freitagabend zu kommen und wenigstens zwei Stunden da zu bleiben. Wenn es so einen Kern g\u00e4be, dann k\u00f6nnten auch andere einfach kommen, weil sie wissen, dass sie am Vereinsabend Leute zum Spielen finden.<br \/>\nDer Freitag hat den Vorteil, dass Jugendliche kommen k\u00f6nnen. Beginnen wir um 18.00 Uhr, haben Jugendliche die M\u00f6glichkeit, nach dem Training einfach dazubleiben, und die Erwachsenen die M\u00f6glichkeit, mit den (oft sehr starken) Jugendlichen zu spielen. Vielleicht k\u00f6nnten wir es erst einmal f\u00fcr ein Jahr ausprobieren. Vorschlagen w\u00fcrde ich, Freitag 18.00 Uhr. Aber wenn sich f\u00fcr eine andere Zeit gen\u00fcgend Freiwillige f\u00e4nden, w\u00e4re das auch gut.<br \/>\nJetzt w\u00e4re einfach die Frage und Bitte, dass Ihr \u00fcberlegt\/Sie \u00fcberlegen, ob Ihr\/Sie zu so einer regelm\u00e4\u00dfigen Anwesenheit bereit w\u00e4ret\/w\u00e4ren und zu welcher Zeit, und das m\u00f6glichst bald per E-Mail (khwcmuehl [at] web.de) oder Telefon (08106-377386) an &#8230; mitteilt\/mitteilen. Also ich w\u00e4re dazu bereit.<br \/>\nWenn sich nicht genug Freiwillige finden, dann ruhe sanft, Vereinsabend!<br \/>\nHerzlich gr\u00fc\u00dft Euch\/Sie<br \/>\nKarl-Hermann M\u00fchlhaus<\/p>\n","protected":false},"excerpt":{"rendered":"<p>Liebe Schachfreunde, auf unserer Mitgliederversammlung hatte sich Karl-Hermann M\u00fchlhaus bereit erkl\u00e4rt, sich Gedanken \u00fcber die Wiederbelebung des Vereinsabends zu machen. Anbei sein Rundbrief und seine Gedanken, die die Vorstandschaft sowie alle am 15. November auf der offenen Vorstandssitzung Anwesenden sehr &#8230; <a class=\"more-link\" href=\"https:\/\/www.scv-jugend.de\/?p=7897\">Read More &raquo;<\/a><\/p>\n","protected":false},"author":11,"featured_media":0,"comment_status":"closed","ping_status":"closed","sticky":false,"template":"","format":"standard","meta":{"footnotes":""},"categories":[15,16],"tags":[],"class_list":["post-7897","post","type-post","status-publish","format-standard","hentry","category-25-veranstaltungen-ehrungen","category-26-vermischtes"],"_links":{"self":[{"href":"https:\/\/www.scv-jugend.de\/index.php?rest_route=\/wp\/v2\/posts\/7897","targetHints":{"allow":["GET"]}}],"collection":[{"href":"https:\/\/www.scv-jugend.de\/index.php?rest_route=\/wp\/v2\/posts"}],"about":[{"href":"https:\/\/www.scv-jugend.de\/index.php?rest_route=\/wp\/v2\/types\/post"}],"author":[{"embeddable":true,"href":"https:\/\/www.scv-jugend.de\/index.php?rest_route=\/wp\/v2\/users\/11"}],"replies":[{"embeddable":true,"href":"https:\/\/www.scv-jugend.de\/index.php?rest_route=%2Fwp%2Fv2%2Fcomments&post=7897"}],"version-history":[{"count":1,"href":"https:\/\/www.scv-jugend.de\/index.php?rest_route=\/wp\/v2\/posts\/7897\/revisions"}],"predecessor-version":[{"id":7899,"href":"https:\/\/www.scv-jugend.de\/index.php?rest_route=\/wp\/v2\/posts\/7897\/revisions\/7899"}],"wp:attachment":[{"href":"https:\/\/www.scv-jugend.de\/index.php?rest_route=%2Fwp%2Fv2%2Fmedia&parent=7897"}],"wp:term":[{"taxonomy":"category","embeddable":true,"href":"https:\/\/www.scv-jugend.de\/index.php?rest_route=%2Fwp%2Fv2%2Fcategories&post=7897"},{"taxonomy":"post_tag","embeddable":true,"href":"https:\/\/www.scv-jugend.de\/index.php?rest_route=%2Fwp%2Fv2%2Ftags&post=7897"}],"curies":[{"name":"wp","href":"https:\/\/api.w.org\/{rel}","templated":true}]}}