{"id":7878,"date":"2018-11-03T21:49:34","date_gmt":"2018-11-03T19:49:34","guid":{"rendered":"http:\/\/www.scv-jugend.de\/?p=7878"},"modified":"2018-11-03T21:49:34","modified_gmt":"2018-11-03T19:49:34","slug":"jugendeinzelmeisterschaft-mit-11-scv-teilnehmern","status":"publish","type":"post","link":"https:\/\/www.scv-jugend.de\/?p=7878","title":{"rendered":"Jugendeinzelmeisterschaft mit 11 SCV Teilnehmern"},"content":{"rendered":"<p>Insgesamt 11 Kinder und Jugendliche unseres Vereins &#8211; 5 M\u00e4dchen und 6 Jungen &#8211; sind bei der diesj\u00e4hrigen Jugendeinzelmeisterschaft am Start. W\u00e4hrend einige klare Ziele wie Pokale und die Qualifikation f\u00fcr die Bayrische Meisterschaft anstreben, sammeln andere die ersten Erfahrungen auf dieser Ebene. Wir w\u00fcnschen allen viel Erfolg!<br \/>\nAm Start sind: In der U10: Veda, Alexandra, Volodymyr. U12: Maja, Leo. U14: Christian, Daniel, Ralf, Lea. U16: Laura, Luca.<\/p>\n","protected":false},"excerpt":{"rendered":"<p>Insgesamt 11 Kinder und Jugendliche unseres Vereins &#8211; 5 M\u00e4dchen und 6 Jungen &#8211; sind bei der diesj\u00e4hrigen Jugendeinzelmeisterschaft am Start. W\u00e4hrend einige klare Ziele wie Pokale und die Qualifikation f\u00fcr die Bayrische Meisterschaft anstreben, sammeln andere die ersten Erfahrungen &#8230; <a class=\"more-link\" href=\"https:\/\/www.scv-jugend.de\/?p=7878\">Read More &raquo;<\/a><\/p>\n","protected":false},"author":50,"featured_media":0,"comment_status":"closed","ping_status":"closed","sticky":false,"template":"","format":"standard","meta":{"footnotes":""},"categories":[],"tags":[],"class_list":["post-7878","post","type-post","status-publish","format-standard","hentry"],"_links":{"self":[{"href":"https:\/\/www.scv-jugend.de\/index.php?rest_route=\/wp\/v2\/posts\/7878","targetHints":{"allow":["GET"]}}],"collection":[{"href":"https:\/\/www.scv-jugend.de\/index.php?rest_route=\/wp\/v2\/posts"}],"about":[{"href":"https:\/\/www.scv-jugend.de\/index.php?rest_route=\/wp\/v2\/types\/post"}],"author":[{"embeddable":true,"href":"https:\/\/www.scv-jugend.de\/index.php?rest_route=\/wp\/v2\/users\/50"}],"replies":[{"embeddable":true,"href":"https:\/\/www.scv-jugend.de\/index.php?rest_route=%2Fwp%2Fv2%2Fcomments&post=7878"}],"version-history":[{"count":2,"href":"https:\/\/www.scv-jugend.de\/index.php?rest_route=\/wp\/v2\/posts\/7878\/revisions"}],"predecessor-version":[{"id":7881,"href":"https:\/\/www.scv-jugend.de\/index.php?rest_route=\/wp\/v2\/posts\/7878\/revisions\/7881"}],"wp:attachment":[{"href":"https:\/\/www.scv-jugend.de\/index.php?rest_route=%2Fwp%2Fv2%2Fmedia&parent=7878"}],"wp:term":[{"taxonomy":"category","embeddable":true,"href":"https:\/\/www.scv-jugend.de\/index.php?rest_route=%2Fwp%2Fv2%2Fcategories&post=7878"},{"taxonomy":"post_tag","embeddable":true,"href":"https:\/\/www.scv-jugend.de\/index.php?rest_route=%2Fwp%2Fv2%2Ftags&post=7878"}],"curies":[{"name":"wp","href":"https:\/\/api.w.org\/{rel}","templated":true}]}}