{"id":7873,"date":"2018-10-25T10:27:21","date_gmt":"2018-10-25T08:27:21","guid":{"rendered":"http:\/\/www.scv-jugend.de\/?p=7873"},"modified":"2018-10-25T10:27:21","modified_gmt":"2018-10-25T08:27:21","slug":"einladung-zur-offenen-vorstandssitzung-am-donnerstag15-november-ab-19-30-uhr-im-kellerraum-des-pfarrsaals-neukeferloh","status":"publish","type":"post","link":"https:\/\/www.scv-jugend.de\/?p=7873","title":{"rendered":"Einladung zur offenen Vorstandssitzung am Donnerstag,15. November, ab 19.30 Uhr im Kellerraum des Pfarrsaals Neukeferloh"},"content":{"rendered":"<p>Liebe Schachfreunde,<br \/>\nam Donnerstag, 15. November, ab 19.30 Uhr im Pfarrsaal Neukeferloh (Keller) eine offene Vorstandssitzung statt.<\/p>\n<p>Themen:<br \/>\nOrganisation des Jugendtrainings<br \/>\nSonstiges<\/p>\n<p>Wir w\u00fcrden uns freuen, wenn m\u00f6glichst viele Trainer, Eltern und Interessierte zu dieser offenen Diskussion kommen w\u00fcrden.<\/p>\n<p>Sch\u00f6ne Gr\u00fc\u00dfe<br \/>\nMoritz, Domenica und Matthias<\/p>\n","protected":false},"excerpt":{"rendered":"<p>Liebe Schachfreunde, am Donnerstag, 15. November, ab 19.30 Uhr im Pfarrsaal Neukeferloh (Keller) eine offene Vorstandssitzung statt. Themen: Organisation des Jugendtrainings Sonstiges Wir w\u00fcrden uns freuen, wenn m\u00f6glichst viele Trainer, Eltern und Interessierte zu dieser offenen Diskussion kommen w\u00fcrden. Sch\u00f6ne &#8230; <a class=\"more-link\" href=\"https:\/\/www.scv-jugend.de\/?p=7873\">Read More &raquo;<\/a><\/p>\n","protected":false},"author":11,"featured_media":0,"comment_status":"closed","ping_status":"closed","sticky":false,"template":"","format":"standard","meta":{"footnotes":""},"categories":[],"tags":[],"class_list":["post-7873","post","type-post","status-publish","format-standard","hentry"],"_links":{"self":[{"href":"https:\/\/www.scv-jugend.de\/index.php?rest_route=\/wp\/v2\/posts\/7873","targetHints":{"allow":["GET"]}}],"collection":[{"href":"https:\/\/www.scv-jugend.de\/index.php?rest_route=\/wp\/v2\/posts"}],"about":[{"href":"https:\/\/www.scv-jugend.de\/index.php?rest_route=\/wp\/v2\/types\/post"}],"author":[{"embeddable":true,"href":"https:\/\/www.scv-jugend.de\/index.php?rest_route=\/wp\/v2\/users\/11"}],"replies":[{"embeddable":true,"href":"https:\/\/www.scv-jugend.de\/index.php?rest_route=%2Fwp%2Fv2%2Fcomments&post=7873"}],"version-history":[{"count":1,"href":"https:\/\/www.scv-jugend.de\/index.php?rest_route=\/wp\/v2\/posts\/7873\/revisions"}],"predecessor-version":[{"id":7874,"href":"https:\/\/www.scv-jugend.de\/index.php?rest_route=\/wp\/v2\/posts\/7873\/revisions\/7874"}],"wp:attachment":[{"href":"https:\/\/www.scv-jugend.de\/index.php?rest_route=%2Fwp%2Fv2%2Fmedia&parent=7873"}],"wp:term":[{"taxonomy":"category","embeddable":true,"href":"https:\/\/www.scv-jugend.de\/index.php?rest_route=%2Fwp%2Fv2%2Fcategories&post=7873"},{"taxonomy":"post_tag","embeddable":true,"href":"https:\/\/www.scv-jugend.de\/index.php?rest_route=%2Fwp%2Fv2%2Ftags&post=7873"}],"curies":[{"name":"wp","href":"https:\/\/api.w.org\/{rel}","templated":true}]}}