{"id":7758,"date":"2018-07-16T13:08:28","date_gmt":"2018-07-16T11:08:28","guid":{"rendered":"http:\/\/www.scv-jugend.de\/?p=7758"},"modified":"2018-07-16T13:10:48","modified_gmt":"2018-07-16T11:10:48","slug":"saison-abschluss-grillen-am-freitag-20-juli-wir-bitten-um-rueckmeldung","status":"publish","type":"post","link":"https:\/\/www.scv-jugend.de\/?p=7758","title":{"rendered":"Saison-Abschluss-Grillen am Freitag, 20. Juli  &#8211; wir bitten um R\u00fcckmeldung!"},"content":{"rendered":"<p>Liebe Schachfreunde,<\/p>\n<p>am kommenden Freitag, 20. Juli, grillen wir zum Saisonabschluss!<br \/>\nDer Ablauf ist diesmal etwas anders, da wir zusammen mit den Pfadfindern Grillen.<br \/>\nAb 16.15 Uhr ist normales Training im Keller<br \/>\nAb 17.45 Uhr betreut unser Jugendleiter die Kinder weiter unter dem Motto &#8222;Spa\u00df mit Toni&#8220;<br \/>\nAb 19.00 Uhr grillen die Pfadfinder f\u00fcr alle. Die Pfadfinder bieten Grillteller zu g\u00fcnstigen Konditionen an. Es muss diesmal also kein Fleisch mitgebracht werden. Es wird jedoch um Salatspenden gebeten!<br \/>\nAb 19.30 Uhr (ggf. auch etwas sp\u00e4ter, es soll in Ruhe gegessen werden k\u00f6nnen) f\u00e4ngt dann unser Blitzturnier an.<\/p>\n<p>Damit die Pfadfinder die einzukaufenden Mengen kalkulieren k\u00f6nnen, bitte wir dringend um R\u00fcckmeldung, wer mit wie vielen Personen kommt, bis Donnerstag 15.00 Uhr an: vorstand@scv-jugend.de<\/p>\n<p>Sch\u00f6ne Gr\u00fc\u00dfe<\/p>\n<p>Domenica, Moritz und Matthias<\/p>\n","protected":false},"excerpt":{"rendered":"<p>Liebe Schachfreunde, am kommenden Freitag, 20. Juli, grillen wir zum Saisonabschluss! Der Ablauf ist diesmal etwas anders, da wir zusammen mit den Pfadfindern Grillen. Ab 16.15 Uhr ist normales Training im Keller Ab 17.45 Uhr betreut unser Jugendleiter die Kinder &#8230; <a class=\"more-link\" href=\"https:\/\/www.scv-jugend.de\/?p=7758\">Read More &raquo;<\/a><\/p>\n","protected":false},"author":11,"featured_media":0,"comment_status":"closed","ping_status":"closed","sticky":false,"template":"","format":"standard","meta":{"footnotes":""},"categories":[15],"tags":[],"class_list":["post-7758","post","type-post","status-publish","format-standard","hentry","category-25-veranstaltungen-ehrungen"],"_links":{"self":[{"href":"https:\/\/www.scv-jugend.de\/index.php?rest_route=\/wp\/v2\/posts\/7758","targetHints":{"allow":["GET"]}}],"collection":[{"href":"https:\/\/www.scv-jugend.de\/index.php?rest_route=\/wp\/v2\/posts"}],"about":[{"href":"https:\/\/www.scv-jugend.de\/index.php?rest_route=\/wp\/v2\/types\/post"}],"author":[{"embeddable":true,"href":"https:\/\/www.scv-jugend.de\/index.php?rest_route=\/wp\/v2\/users\/11"}],"replies":[{"embeddable":true,"href":"https:\/\/www.scv-jugend.de\/index.php?rest_route=%2Fwp%2Fv2%2Fcomments&post=7758"}],"version-history":[{"count":1,"href":"https:\/\/www.scv-jugend.de\/index.php?rest_route=\/wp\/v2\/posts\/7758\/revisions"}],"predecessor-version":[{"id":7770,"href":"https:\/\/www.scv-jugend.de\/index.php?rest_route=\/wp\/v2\/posts\/7758\/revisions\/7770"}],"wp:attachment":[{"href":"https:\/\/www.scv-jugend.de\/index.php?rest_route=%2Fwp%2Fv2%2Fmedia&parent=7758"}],"wp:term":[{"taxonomy":"category","embeddable":true,"href":"https:\/\/www.scv-jugend.de\/index.php?rest_route=%2Fwp%2Fv2%2Fcategories&post=7758"},{"taxonomy":"post_tag","embeddable":true,"href":"https:\/\/www.scv-jugend.de\/index.php?rest_route=%2Fwp%2Fv2%2Ftags&post=7758"}],"curies":[{"name":"wp","href":"https:\/\/api.w.org\/{rel}","templated":true}]}}