{"id":77,"date":"2007-12-19T05:18:54","date_gmt":"2007-12-19T05:18:54","guid":{"rendered":"http:\/\/wordpress.cylusion.local\/?p=77"},"modified":"2007-12-19T05:18:54","modified_gmt":"2007-12-19T05:18:54","slug":"andi-hammerschick-vereinsblitzmeister","status":"publish","type":"post","link":"https:\/\/www.scv-jugend.de\/?p=77","title":{"rendered":"Andi Hammerschick Vereinsblitzmeister"},"content":{"rendered":"<p><img decoding=\"async\" src=\"scv_images\/portraits\/2007_hammerschick_a.jpg\" align=left vspace=5 hspace=5> Beim Vereinsblitzturnier des SC Vaterstetten gewann erstmals Andi Hammerschick den begehrten Titel. Das Turnier gewann Manfred Reichl vom SK Haar, der seit Jahren das Nachwuchstalent trainiert und als Belohnung daf\u00fcr von ihm mattgesetzt wurde. Den dritten Rang gewann Moritz Heimb\u00e4cher, der die Chess-Tour mit riesigem Vorsprung anf\u00fchrt.<\/p>\n<p>Endstand:<br \/>\n9 Punkte: Manfred Reichl 8 Punkte: Andi Hammerschick, 7,5 Punkte: Moritz Heimb\u00e4cher, 6 Punke: Martin Segner, 5 Punkte: Olaf Schl\u00fcter, 4,5 Punkte Wolfgang Kossin, 4 Punkte: G\u00fcnter Erhardt und Jonas Opitz, 3 Punkte: Karl-Hermann M\u00fchlhaus und Nikolas Galensowske, 1 Punkt: Josef Stark<\/p>\n","protected":false},"excerpt":{"rendered":"<p>Beim Vereinsblitzturnier des SC Vaterstetten gewann erstmals Andi Hammerschick den begehrten Titel. Das Turnier gewann Manfred Reichl vom SK Haar, der seit Jahren das Nachwuchstalent trainiert und als Belohnung daf\u00fcr von ihm mattgesetzt wurde. Den dritten Rang gewann Moritz Heimb\u00e4cher, &#8230; <a class=\"more-link\" href=\"https:\/\/www.scv-jugend.de\/?p=77\">Read More &raquo;<\/a><\/p>\n","protected":false},"author":1,"featured_media":0,"comment_status":"open","ping_status":"closed","sticky":false,"template":"","format":"standard","meta":{"footnotes":""},"categories":[],"tags":[],"class_list":["post-77","post","type-post","status-publish","format-standard","hentry"],"_links":{"self":[{"href":"https:\/\/www.scv-jugend.de\/index.php?rest_route=\/wp\/v2\/posts\/77","targetHints":{"allow":["GET"]}}],"collection":[{"href":"https:\/\/www.scv-jugend.de\/index.php?rest_route=\/wp\/v2\/posts"}],"about":[{"href":"https:\/\/www.scv-jugend.de\/index.php?rest_route=\/wp\/v2\/types\/post"}],"author":[{"embeddable":true,"href":"https:\/\/www.scv-jugend.de\/index.php?rest_route=\/wp\/v2\/users\/1"}],"replies":[{"embeddable":true,"href":"https:\/\/www.scv-jugend.de\/index.php?rest_route=%2Fwp%2Fv2%2Fcomments&post=77"}],"version-history":[{"count":0,"href":"https:\/\/www.scv-jugend.de\/index.php?rest_route=\/wp\/v2\/posts\/77\/revisions"}],"wp:attachment":[{"href":"https:\/\/www.scv-jugend.de\/index.php?rest_route=%2Fwp%2Fv2%2Fmedia&parent=77"}],"wp:term":[{"taxonomy":"category","embeddable":true,"href":"https:\/\/www.scv-jugend.de\/index.php?rest_route=%2Fwp%2Fv2%2Fcategories&post=77"},{"taxonomy":"post_tag","embeddable":true,"href":"https:\/\/www.scv-jugend.de\/index.php?rest_route=%2Fwp%2Fv2%2Ftags&post=77"}],"curies":[{"name":"wp","href":"https:\/\/api.w.org\/{rel}","templated":true}]}}