{"id":7654,"date":"2018-06-04T15:15:39","date_gmt":"2018-06-04T13:15:39","guid":{"rendered":"http:\/\/www.scv-jugend.de\/?p=7654"},"modified":"2018-06-04T15:56:41","modified_gmt":"2018-06-04T13:56:41","slug":"einzug-der-vereine-am","status":"publish","type":"post","link":"https:\/\/www.scv-jugend.de\/?p=7654","title":{"rendered":"Einzug der Vereine am 28. Juni 2018"},"content":{"rendered":"<p>Das Vaterstettener Volksfest beginnt dieses Jahr am 28. Juni. Wir sind nat\u00fcrlich wieder beim traditionellen Einzug der Vereine dabei. Los geht es um 18 Uhr vor dem Rathaus mit Musik. Um 18:30 Uhr startet dann der Umzug durch Vaterstetten. Auf dem Volksfest gibt es dann f\u00fcr jeden Teilnehmer einen Gutschein f\u00fcr ein Getr\u00e4nk. Wer mitlaufen will, meldet sich bitte bei vorstand@scv-jugend.de<\/p>\n","protected":false},"excerpt":{"rendered":"<p>Das Vaterstettener Volksfest beginnt dieses Jahr am 28. Juni. Wir sind nat\u00fcrlich wieder beim traditionellen Einzug der Vereine dabei. Los geht es um 18 Uhr vor dem Rathaus mit Musik. Um 18:30 Uhr startet dann der Umzug durch Vaterstetten. Auf &#8230; <a class=\"more-link\" href=\"https:\/\/www.scv-jugend.de\/?p=7654\">Read More &raquo;<\/a><\/p>\n","protected":false},"author":11,"featured_media":0,"comment_status":"closed","ping_status":"closed","sticky":false,"template":"","format":"standard","meta":{"footnotes":""},"categories":[15],"tags":[],"class_list":["post-7654","post","type-post","status-publish","format-standard","hentry","category-25-veranstaltungen-ehrungen"],"_links":{"self":[{"href":"https:\/\/www.scv-jugend.de\/index.php?rest_route=\/wp\/v2\/posts\/7654","targetHints":{"allow":["GET"]}}],"collection":[{"href":"https:\/\/www.scv-jugend.de\/index.php?rest_route=\/wp\/v2\/posts"}],"about":[{"href":"https:\/\/www.scv-jugend.de\/index.php?rest_route=\/wp\/v2\/types\/post"}],"author":[{"embeddable":true,"href":"https:\/\/www.scv-jugend.de\/index.php?rest_route=\/wp\/v2\/users\/11"}],"replies":[{"embeddable":true,"href":"https:\/\/www.scv-jugend.de\/index.php?rest_route=%2Fwp%2Fv2%2Fcomments&post=7654"}],"version-history":[{"count":2,"href":"https:\/\/www.scv-jugend.de\/index.php?rest_route=\/wp\/v2\/posts\/7654\/revisions"}],"predecessor-version":[{"id":7665,"href":"https:\/\/www.scv-jugend.de\/index.php?rest_route=\/wp\/v2\/posts\/7654\/revisions\/7665"}],"wp:attachment":[{"href":"https:\/\/www.scv-jugend.de\/index.php?rest_route=%2Fwp%2Fv2%2Fmedia&parent=7654"}],"wp:term":[{"taxonomy":"category","embeddable":true,"href":"https:\/\/www.scv-jugend.de\/index.php?rest_route=%2Fwp%2Fv2%2Fcategories&post=7654"},{"taxonomy":"post_tag","embeddable":true,"href":"https:\/\/www.scv-jugend.de\/index.php?rest_route=%2Fwp%2Fv2%2Ftags&post=7654"}],"curies":[{"name":"wp","href":"https:\/\/api.w.org\/{rel}","templated":true}]}}