{"id":7562,"date":"2018-03-28T09:01:49","date_gmt":"2018-03-28T07:01:49","guid":{"rendered":"http:\/\/www.scv-jugend.de\/?p=7562"},"modified":"2018-03-28T21:22:38","modified_gmt":"2018-03-28T19:22:38","slug":"einladung-zur-mitgliederversammlung-am-freitag-4-mai-2018-19-30-uhr","status":"publish","type":"post","link":"https:\/\/www.scv-jugend.de\/?p=7562","title":{"rendered":"Einladung zur Mitgliederversammlung am Freitag, 8. Juni 2018, 19.30 Uhr"},"content":{"rendered":"<p>Bitte beachtet das ge\u00e4nderte Datum! Die Mitgliederversammlung wird am Freitag, 8. Juni 2018, stattfinden!<\/p>\n<p>Vaterstetten, 28.03.2018<\/p>\n<p>Hiermit lade ich Sie im Namen der Vorstandschaft zur ordentlichen Mitgliederversammlung des SC Vaterstetten-Grasbrunn e. V. am Freitag, 8. Juni 2018, in den Pfarrsaal Neukeferloh, Saarlandstra\u00dfe 10. Der Beginn ist um 19.30 Uhr.<\/p>\n<p>Tagesordnung<\/p>\n<ol>\n<li>Begr\u00fc\u00dfung und Feststellung der ordnungsgem\u00e4\u00dfen Einladung<\/li>\n<li>Beschlussfassung \u00fcber die Tagesordnung<\/li>\n<li>Bericht des Vorstandes<\/li>\n<li>Bericht des Turnierleiters<\/li>\n<li>Bericht des Jugendleiters<\/li>\n<li>Bericht des Materialwartes<\/li>\n<li>Bericht des Kassiers<\/li>\n<li>Bericht \u00fcber die Kassenpr\u00fcfung<\/li>\n<li>Entlastung des Vorstandes<\/li>\n<li>Beschlussfassung \u00fcber die Mitgliedsbeitr\u00e4ge<\/li>\n<\/ol>\n<p style=\"padding-left: 60px;\">Der Vorstand schl\u00e4gt vor, die Mitgliedsbeitr\u00e4ge unver\u00e4ndert zu lassen:<br \/>\nKinder bis 14 Jahren: 29 \u20ac<br \/>\nJugendliche bis 20 Jahre: 29 \u20ac<br \/>\nErwachsene: 49 \u20ac<br \/>\nPassive Mitglieder: 39 \u20ac<br \/>\nFamilienmitgliedschaft: 99 \u20ac<\/p>\n<ol start=\"10\">\n<li>Einsetzen des Wahlleiters<\/li>\n<li>Neuwahlen von Vorstand, Vereinsausschuss und Kassenpr\u00fcfer<\/li>\n<li>Sonstiges<\/li>\n<\/ol>\n<p>Mit freundlichen Gr\u00fc\u00dfen<\/p>\n<p>Moritz Heimb\u00e4cher<\/p>\n<p>Irisstr. 26<\/p>\n<p>85591 Vaterstetten<br \/>\nE-Mail: vorstand@scv-jugend.de<\/p>\n<p>www.scv-jugend.de<\/p>\n<p>Die Einladung als PDF:<a href=\"http:\/\/www.scv-jugend.de\/wp-content\/uploads\/Einladung-JHV2018.pdf\" rel=\"\">Einladung-JHV2018<\/a><\/p>\n","protected":false},"excerpt":{"rendered":"<p>Bitte beachtet das ge\u00e4nderte Datum! Die Mitgliederversammlung wird am Freitag, 8. Juni 2018, stattfinden! Vaterstetten, 28.03.2018 Hiermit lade ich Sie im Namen der Vorstandschaft zur ordentlichen Mitgliederversammlung des SC Vaterstetten-Grasbrunn e. V. am Freitag, 8. Juni 2018, in den Pfarrsaal &#8230; <a class=\"more-link\" href=\"https:\/\/www.scv-jugend.de\/?p=7562\">Read More &raquo;<\/a><\/p>\n","protected":false},"author":11,"featured_media":0,"comment_status":"closed","ping_status":"closed","sticky":false,"template":"","format":"standard","meta":{"footnotes":""},"categories":[15,16],"tags":[],"class_list":["post-7562","post","type-post","status-publish","format-standard","hentry","category-25-veranstaltungen-ehrungen","category-26-vermischtes"],"_links":{"self":[{"href":"https:\/\/www.scv-jugend.de\/index.php?rest_route=\/wp\/v2\/posts\/7562","targetHints":{"allow":["GET"]}}],"collection":[{"href":"https:\/\/www.scv-jugend.de\/index.php?rest_route=\/wp\/v2\/posts"}],"about":[{"href":"https:\/\/www.scv-jugend.de\/index.php?rest_route=\/wp\/v2\/types\/post"}],"author":[{"embeddable":true,"href":"https:\/\/www.scv-jugend.de\/index.php?rest_route=\/wp\/v2\/users\/11"}],"replies":[{"embeddable":true,"href":"https:\/\/www.scv-jugend.de\/index.php?rest_route=%2Fwp%2Fv2%2Fcomments&post=7562"}],"version-history":[{"count":5,"href":"https:\/\/www.scv-jugend.de\/index.php?rest_route=\/wp\/v2\/posts\/7562\/revisions"}],"predecessor-version":[{"id":7582,"href":"https:\/\/www.scv-jugend.de\/index.php?rest_route=\/wp\/v2\/posts\/7562\/revisions\/7582"}],"wp:attachment":[{"href":"https:\/\/www.scv-jugend.de\/index.php?rest_route=%2Fwp%2Fv2%2Fmedia&parent=7562"}],"wp:term":[{"taxonomy":"category","embeddable":true,"href":"https:\/\/www.scv-jugend.de\/index.php?rest_route=%2Fwp%2Fv2%2Fcategories&post=7562"},{"taxonomy":"post_tag","embeddable":true,"href":"https:\/\/www.scv-jugend.de\/index.php?rest_route=%2Fwp%2Fv2%2Ftags&post=7562"}],"curies":[{"name":"wp","href":"https:\/\/api.w.org\/{rel}","templated":true}]}}