{"id":7500,"date":"2018-08-12T06:58:21","date_gmt":"2018-08-12T04:58:21","guid":{"rendered":"http:\/\/www.scv-jugend.de\/?p=7500"},"modified":"2018-08-13T10:47:12","modified_gmt":"2018-08-13T08:47:12","slug":"schach-camp-im-pfarrsaal-neukeferloh-in-der-2-woche-der-sommerferien-sowie-von-schach-ohne-grenzen","status":"publish","type":"post","link":"https:\/\/www.scv-jugend.de\/?p=7500","title":{"rendered":"Schach-Camp im Pfarrsaal-Neukeferloh in der 2. Woche der Sommerferien \/ Schach-Camp von von Schach ohne Grenzen in der 2. und 3. Woche der Sommerferien"},"content":{"rendered":"<p><strong>Bericht:<\/strong><\/p>\n<p>Wie bereits in den Jahren zuvor fand in der zweiten Ferienwoche der bayerischen Sommerferien das diesj\u00e4hrige Schachcamp statt. Dabei wurden die 14 Teilnehmer in 3 kleinere, insgesamt vergleichbar starke, Gruppen eingeteilt mit jeweils einem Trainer als Team-Kapit\u00e4n.<br \/>\nDer Montag startete erst einmal mit einer Kennenlernrunde. Danach durften sich alle Kinder an dem Turmdiplom, einem fortgeschrittenen Schachtest, beweisen. Nach dem Mittagessen lernten wir die verschiedenen M\u00f6glichkeiten, mit nur noch sehr wenigen Figuren matt zu setzen, kennen. Da bei den warmen Temperaturen eine Abk\u00fchlung auch nicht fehlen darf gab es f\u00fcr jeden ein Eis.<br \/>\nWeiterhin konnten wir auch etwas \u00fcber den aktuellen Weltmeister Magnus Carlsen lernen.<br \/>\nDen Dienstag haben wir genutzt um mehr \u00fcber Bauernendspiele zu erfahren. So k\u00f6nnen wir jetzt nicht nur mit unserem K\u00f6nig unserem Bauern den Weg zum Umwandlungsfeld frei machen (Stichwort: Opposition!) oder unserem Gegner, welcher zwar eine Dame mehr hat, eventuell doch noch einen halben Punkt abluchsen, sondern wissen auch welche Ideen wir haben, um einen Freibauern zu bilden. Heute ging auch das Gruppenturnier los. \u00dcber die folgenden drei Tage spielten die eingeteilten Gruppen gegeneinander. Nach einer leckeren St\u00e4rkung ging es dann zum Soccergolf. Hierbaii galt es \u00fcber 18 L\u00f6cher den Fu\u00dfball \u00fcber oder durch Hindernisse auf einem festgelegten Weg in ein Loch zu schie\u00dfen.<br \/>\nDer Mittwoch stand ganz im Zeichen der Er\u00f6ffnung. Wir lernten anhand einer sch\u00f6nen Beispielpartie, dass Material nicht alles ist beim Schachspiel, sondern das Figurenentwicklung, aber auch K\u00f6nigssicherheit, eine entscheidende Rolle spielt. Kurz darauf haben die Kinder auch drei konkrete Er\u00f6ffnungen kennengelernt: Spanisch, Schottisch und Italienisch. Beim Mannschaftsturnier spielte Team Suhel gegen Team Oliver. Den Nachmittag haben wir dann im Freien verbracht. Wir haben verschiedene Stationen mit Schachvarianten aufgebaut: Rasenschach, Quattroschach oder Laufschach. Es hat allen super Spa\u00df gemacht, neue Varianten im Schach kennenzulernen.<br \/>\nAm Donnerstag ging es um die Kandidatenz\u00fcge, welche vor jedem Zug \u00fcberpr\u00fcft werden sollen, und um die Stellungsbeurteilung. Dabei spielen viele Faktoren eine Rolle. Weiterhin lernten die Sch\u00fcler anhand einer Partie Ideen f\u00fcr einen Plan im Mittelspiel kennen. Darauf folgte die letzte Partie des Mannschaftsturniers: Team Robert gegen Team Suhel. Am Nachmittag fuhren wir gemeinsam dann zum Minigolf. Dort angekommen teilten wir uns in Zweierteams auf und erkundeten die 18 Bahnen.<br \/>\nAm letzten Tag der Schachwoche durften die Teilnehmer das zuvor erlernte bei einem Einzelspieler-Turnier mit 20 Minuten pro Spieler und Partie beweisen. Dabei erhielten die ersten drei Pl\u00e4tze einen Pokal:<br \/>\n1. Florian Schubert<\/p>\n<p>2. Leonardo Fellmann<\/p>\n<p>3. Volodymyr Maibrodskiy<\/p>\n<p>Dazu einige Bilder von unseren Aktivit\u00e4ten:<\/p>\n<p><a href=\"https:\/\/1drv.ms\/f\/s!AqqbYCVrZTrssU_NVYej4F3FHClr\">Bilder vom Schachcamp<\/a><\/p>\n<p>&nbsp;<\/p>\n<p>&#8212;&#8212;&#8212;&#8212;&#8212;&#8212;&#8212;&#8212;&#8212;&#8212;&#8212;&#8212;&#8212;&#8212;&#8212;&#8212;&#8212;&#8212;&#8212;&#8212;&#8212;&#8212;&#8212;&#8212;&#8212;&#8212;&#8212;&#8212;&#8212;&#8212;&#8212;&#8212;&#8212;&#8212;&#8212;&#8212;&#8212;&#8212;&#8212;&#8212;&#8212;&#8212;&#8212;&#8212;&#8212;&#8211;<\/p>\n<p>&nbsp;<\/p>\n<p>Wie bereits in den vergangenen beiden Jahren, veranstaltet der SC Vaterstetten-Grasbrunn e. V. auch in diesem Jahr wieder ein Schach-Camp im Pfarrsaal Neukeferloh. Das Camp wird vom 6. bis 10. August 2o18 stattfinden und geht t\u00e4glich von 9.00 bis 17.00 Uhr.<\/p>\n<p>Zielgruppe: Kinder und Jugendliche von ca. 6 bis 12 Jahren, Schach-Kenntnisse werden nicht vorausgesetzt<\/p>\n<p>Angebot: Die Kinder erhalten ein ihrem Kenntnisstand entsprechendes Schachtraining und spielen mit anderen Kindern in ihrem Alter und auf ihrem Spielniveau. Bewegungs-, Gesellschafts- und Konzentrationsspiele sowie sportliche Aktivit\u00e4ten sorgen f\u00fcr Abwechslung.<\/p>\n<p>Verpflegung: Das Mittagessen wird frisch in der K\u00fcche des Pfarrsaals zubereitet. Getr\u00e4nke bringen die Kinder bitte selbst mit.<\/p>\n<p>Trainer: Die Trainer spielen alle seit fr\u00fchester Kindheit erfolgreich Schach und haben zum Teil bereits an Jugendweltmeisterschaften teilgenommen sowie praktische Erfahrungen im Schachunterricht als Schachlehrer an Schulen sowie als Einzeltrainer oder Gruppentrainer im Verein.<\/p>\n<p>Kosten: 200 \u20ac (Materialkosten und Mittagsverpflegung inklusive) f\u00fcr das 1. Kind, 160 \u20ac f\u00fcr Geschwisterkinder<\/p>\n<p>Anmeldung: Suhel Abdalla: lehus@hotmail.de<\/p>\n<p>Ausschreibung:\u00a0<a href=\"http:\/\/www.scv-jugend.de\/wp-content\/uploads\/Ausschreibung_Somercamp_2018.pdf\" rel=\"\">Ausschreibung_Somercamp_2018<\/a><br \/>\nAnmeldung:\u00a0<a href=\"http:\/\/www.scv-jugend.de\/wp-content\/uploads\/Anmeldung_Somercamp_2018.pdf\" rel=\"\">Anmeldung_Somercamp_2018<\/a><\/p>\n<p>Sonstiges: Die maximale Teilnehmerzahl betr\u00e4gt 20 Kinder.<\/p>\n<p><strong>Aktueller Anmeldestand:<\/strong><br \/>\nLeonard Schulze-S\u00f6lde<br \/>\nKira Schulze-S\u00f6lde<br \/>\nAlexandra Frenkel<br \/>\nVolodymyr Maibrodskiy<br \/>\nFelix Buchheim<br \/>\nMax Geisler<br \/>\nMatteo Fellmann<br \/>\nLeonardo Fellmann<br \/>\nMaja\u00a0Cipriani<br \/>\nErik Dahlhaus<br \/>\nFlorian Schubert<br \/>\nVeda\u00a0Ramakrishnan<br \/>\nJulius\u00a0J\u00fcngling<\/p>\n<p>F\u00fcr die gr\u00f6\u00dferen Kinder und Jugendlichen empfiehlt sich das Camp von Schach ohne Grenzen. Zahlreiche Kinder unseres Vereins waren in den vergangenen drei Jahren dort mit dabei und es hat ihnen sehr viel Spa\u00df gemacht. Bei Schach ohne Grenzen gibt es 2 Camps: Eines in der 2. Woche der bayerischen Sommerferien und eines in der 3. Woche. N\u00e4here Infos hier:<br \/>\n<a href=\"http:\/\/www.schachohnegrenzen.com\/feriencamps\/\">http:\/\/www.schachohnegrenzen.com\/feriencamps\/<\/a><\/p>\n","protected":false},"excerpt":{"rendered":"<p>Bericht: Wie bereits in den Jahren zuvor fand in der zweiten Ferienwoche der bayerischen Sommerferien das diesj\u00e4hrige Schachcamp statt. Dabei wurden die 14 Teilnehmer in 3 kleinere, insgesamt vergleichbar starke, Gruppen eingeteilt mit jeweils einem Trainer als Team-Kapit\u00e4n. Der Montag &#8230; <a class=\"more-link\" href=\"https:\/\/www.scv-jugend.de\/?p=7500\">Read More &raquo;<\/a><\/p>\n","protected":false},"author":11,"featured_media":0,"comment_status":"closed","ping_status":"closed","sticky":false,"template":"","format":"standard","meta":{"footnotes":""},"categories":[15,16],"tags":[],"class_list":["post-7500","post","type-post","status-publish","format-standard","hentry","category-25-veranstaltungen-ehrungen","category-26-vermischtes"],"_links":{"self":[{"href":"https:\/\/www.scv-jugend.de\/index.php?rest_route=\/wp\/v2\/posts\/7500","targetHints":{"allow":["GET"]}}],"collection":[{"href":"https:\/\/www.scv-jugend.de\/index.php?rest_route=\/wp\/v2\/posts"}],"about":[{"href":"https:\/\/www.scv-jugend.de\/index.php?rest_route=\/wp\/v2\/types\/post"}],"author":[{"embeddable":true,"href":"https:\/\/www.scv-jugend.de\/index.php?rest_route=\/wp\/v2\/users\/11"}],"replies":[{"embeddable":true,"href":"https:\/\/www.scv-jugend.de\/index.php?rest_route=%2Fwp%2Fv2%2Fcomments&post=7500"}],"version-history":[{"count":20,"href":"https:\/\/www.scv-jugend.de\/index.php?rest_route=\/wp\/v2\/posts\/7500\/revisions"}],"predecessor-version":[{"id":7799,"href":"https:\/\/www.scv-jugend.de\/index.php?rest_route=\/wp\/v2\/posts\/7500\/revisions\/7799"}],"wp:attachment":[{"href":"https:\/\/www.scv-jugend.de\/index.php?rest_route=%2Fwp%2Fv2%2Fmedia&parent=7500"}],"wp:term":[{"taxonomy":"category","embeddable":true,"href":"https:\/\/www.scv-jugend.de\/index.php?rest_route=%2Fwp%2Fv2%2Fcategories&post=7500"},{"taxonomy":"post_tag","embeddable":true,"href":"https:\/\/www.scv-jugend.de\/index.php?rest_route=%2Fwp%2Fv2%2Ftags&post=7500"}],"curies":[{"name":"wp","href":"https:\/\/api.w.org\/{rel}","templated":true}]}}