{"id":7298,"date":"2017-10-19T06:37:01","date_gmt":"2017-10-19T04:37:01","guid":{"rendered":"http:\/\/www.scv-jugend.de\/?p=7298"},"modified":"2017-10-19T06:37:01","modified_gmt":"2017-10-19T04:37:01","slug":"fcb-schach-bundesliga-nachlese-am-mo-23-10","status":"publish","type":"post","link":"https:\/\/www.scv-jugend.de\/?p=7298","title":{"rendered":"FCB Schach: Bundesliga-Nachlese am Mo, 23.10."},"content":{"rendered":"<p>Tolles Angebot vom FC Bayern, das wir hiermit weiterleiten m\u00f6chten:<\/p>\n<p>Liebe Schachfreunde,<\/p>\n<p>am Montag, den 23.10.2017 um 20:00 Uhr steht in unserem Spiellokal<\/p>\n<p>MEHLFELDs Restaurant &amp; Kulturb\u00fchne<br \/>\nGuardinistr. 98a<br \/>\n81375 M\u00fcnchen<\/p>\n<p>MVV: U6 Haderner Stern<br \/>\nAuto: Kostenfreie Parkpl\u00e4tze am Stiftsbogen 53\u201355<\/p>\n<p>die erste Bundesliga-Nachlese der neuen Saison auf dem Programm. Spieler unserer ersten Mannschaft werden das vorangegangene Bundesligawochenende in Solingen anhand ausgew\u00e4hlter Partien Revue passieren lassen.<br \/>\nAlle Interessenten sind wie immer herzlichst eingeladen!<br \/>\nMit freundlichen Gr\u00fc\u00dfen,<\/p>\n<p>Johannes Zwanzger<\/p>\n","protected":false},"excerpt":{"rendered":"<p>Tolles Angebot vom FC Bayern, das wir hiermit weiterleiten m\u00f6chten: Liebe Schachfreunde, am Montag, den 23.10.2017 um 20:00 Uhr steht in unserem Spiellokal MEHLFELDs Restaurant &amp; Kulturb\u00fchne Guardinistr. 98a 81375 M\u00fcnchen MVV: U6 Haderner Stern Auto: Kostenfreie Parkpl\u00e4tze am Stiftsbogen &#8230; <a class=\"more-link\" href=\"https:\/\/www.scv-jugend.de\/?p=7298\">Read More &raquo;<\/a><\/p>\n","protected":false},"author":11,"featured_media":0,"comment_status":"closed","ping_status":"closed","sticky":false,"template":"","format":"standard","meta":{"footnotes":""},"categories":[15],"tags":[],"class_list":["post-7298","post","type-post","status-publish","format-standard","hentry","category-25-veranstaltungen-ehrungen"],"_links":{"self":[{"href":"https:\/\/www.scv-jugend.de\/index.php?rest_route=\/wp\/v2\/posts\/7298","targetHints":{"allow":["GET"]}}],"collection":[{"href":"https:\/\/www.scv-jugend.de\/index.php?rest_route=\/wp\/v2\/posts"}],"about":[{"href":"https:\/\/www.scv-jugend.de\/index.php?rest_route=\/wp\/v2\/types\/post"}],"author":[{"embeddable":true,"href":"https:\/\/www.scv-jugend.de\/index.php?rest_route=\/wp\/v2\/users\/11"}],"replies":[{"embeddable":true,"href":"https:\/\/www.scv-jugend.de\/index.php?rest_route=%2Fwp%2Fv2%2Fcomments&post=7298"}],"version-history":[{"count":2,"href":"https:\/\/www.scv-jugend.de\/index.php?rest_route=\/wp\/v2\/posts\/7298\/revisions"}],"predecessor-version":[{"id":7301,"href":"https:\/\/www.scv-jugend.de\/index.php?rest_route=\/wp\/v2\/posts\/7298\/revisions\/7301"}],"wp:attachment":[{"href":"https:\/\/www.scv-jugend.de\/index.php?rest_route=%2Fwp%2Fv2%2Fmedia&parent=7298"}],"wp:term":[{"taxonomy":"category","embeddable":true,"href":"https:\/\/www.scv-jugend.de\/index.php?rest_route=%2Fwp%2Fv2%2Fcategories&post=7298"},{"taxonomy":"post_tag","embeddable":true,"href":"https:\/\/www.scv-jugend.de\/index.php?rest_route=%2Fwp%2Fv2%2Ftags&post=7298"}],"curies":[{"name":"wp","href":"https:\/\/api.w.org\/{rel}","templated":true}]}}