{"id":7225,"date":"2017-09-11T07:51:03","date_gmt":"2017-09-11T05:51:03","guid":{"rendered":"http:\/\/www.scv-jugend.de\/?p=7225"},"modified":"2017-09-14T08:42:09","modified_gmt":"2017-09-14T06:42:09","slug":"freitag-15-09-blitzturnier-mit-grillen-zum-saisonanfang","status":"publish","type":"post","link":"https:\/\/www.scv-jugend.de\/?p=7225","title":{"rendered":"Freitag, 15.09.: Blitzturnier mit Grillen zum Saisonanfang"},"content":{"rendered":"<p>Liebe Schachfreunde,<\/p>\n<p>nachdem das Blitzturnier und das Grillen zum Saisonende zu gut bei den Teilnehmern ankam, m\u00f6chte wir die neue Saison in der gleichen Art und Weise beginnen.<\/p>\n<p>Am Freitag, 15. September findet zun\u00e4chst das Jugendtraining ab 16.15 Uhr statt. Ab 17.45 Uhr werfen wir den Grill an und ab 19.30 Uhr startet dann unser Offenes Blitzturnier.<\/p>\n<p>Bitte bringt zum Grillen wieder Eurer Grillgut und einen Salat etc. mit. Damit wir besser planen k\u00f6nnen, tragt bitte sp\u00e4testens 1-2 Tage vorher in die Doodle Liste ein, mit wie vielen Personen (beim Namen, z. B. Suhel, 1) ihr kommt ein. Hier geht es zum Doodle-Link:<br \/>\nhttp:\/\/doodle.com\/poll\/gynyw6idsyazwkkk<\/p>\n<p>Hier findet Ihr die Ausschreibung zum Blitzturnier:<\/p>\n<blockquote class=\"wp-embedded-content\" data-secret=\"F81skuAH8I\"><p><a href=\"https:\/\/www.scv-jugend.de\/?p=7209\">Offenes Blitz-Turnier am 15. September<\/a><\/p><\/blockquote>\n<p><iframe loading=\"lazy\" class=\"wp-embedded-content\" sandbox=\"allow-scripts\" security=\"restricted\" style=\"position: absolute; visibility: hidden;\" title=\"&#8222;Offenes Blitz-Turnier am 15. September&#8220; &#8212; SC Vaterstetten-Grasbrunn\" src=\"https:\/\/www.scv-jugend.de\/?p=7209&#038;embed=true#?secret=U7ByBIdrSG#?secret=F81skuAH8I\" data-secret=\"F81skuAH8I\" width=\"600\" height=\"338\" frameborder=\"0\" marginwidth=\"0\" marginheight=\"0\" scrolling=\"no\"><\/iframe><\/p>\n<p>Sch\u00f6ne Ferien w\u00fcnschen noch<br \/>\nSuhel, Matthias, Eva und Anton<\/p>\n<p>PS: B\u00fccher.de zahlt uns 10 Prozent des Umsatzes als Spende, wenn Ihr \u00fcber den nachfolgenden Link Eure B\u00fccher bestellt:<br \/>\n<a href=\"https:\/\/www.bildungsspender.de\/schach\/shopping?zumshop=d2fe935a9f4756f65b8383b2f4aa0180&amp;query=&amp;tovoucher=&amp;from_page=TopShops\">https:\/\/www.bildungsspender.de\/schach\/shopping?zumshop=d2fe935a9f4756f65b8383b2f4aa0180&amp;query=&amp;tovoucher=&amp;from_page=TopShops<\/a><\/p>\n","protected":false},"excerpt":{"rendered":"<p>Liebe Schachfreunde, nachdem das Blitzturnier und das Grillen zum Saisonende zu gut bei den Teilnehmern ankam, m\u00f6chte wir die neue Saison in der gleichen Art und Weise beginnen. Am Freitag, 15. September findet zun\u00e4chst das Jugendtraining ab 16.15 Uhr statt. &#8230; <a class=\"more-link\" href=\"https:\/\/www.scv-jugend.de\/?p=7225\">Read More &raquo;<\/a><\/p>\n","protected":false},"author":11,"featured_media":0,"comment_status":"closed","ping_status":"closed","sticky":false,"template":"","format":"standard","meta":{"footnotes":""},"categories":[16],"tags":[],"class_list":["post-7225","post","type-post","status-publish","format-standard","hentry","category-26-vermischtes"],"_links":{"self":[{"href":"https:\/\/www.scv-jugend.de\/index.php?rest_route=\/wp\/v2\/posts\/7225","targetHints":{"allow":["GET"]}}],"collection":[{"href":"https:\/\/www.scv-jugend.de\/index.php?rest_route=\/wp\/v2\/posts"}],"about":[{"href":"https:\/\/www.scv-jugend.de\/index.php?rest_route=\/wp\/v2\/types\/post"}],"author":[{"embeddable":true,"href":"https:\/\/www.scv-jugend.de\/index.php?rest_route=\/wp\/v2\/users\/11"}],"replies":[{"embeddable":true,"href":"https:\/\/www.scv-jugend.de\/index.php?rest_route=%2Fwp%2Fv2%2Fcomments&post=7225"}],"version-history":[{"count":3,"href":"https:\/\/www.scv-jugend.de\/index.php?rest_route=\/wp\/v2\/posts\/7225\/revisions"}],"predecessor-version":[{"id":7238,"href":"https:\/\/www.scv-jugend.de\/index.php?rest_route=\/wp\/v2\/posts\/7225\/revisions\/7238"}],"wp:attachment":[{"href":"https:\/\/www.scv-jugend.de\/index.php?rest_route=%2Fwp%2Fv2%2Fmedia&parent=7225"}],"wp:term":[{"taxonomy":"category","embeddable":true,"href":"https:\/\/www.scv-jugend.de\/index.php?rest_route=%2Fwp%2Fv2%2Fcategories&post=7225"},{"taxonomy":"post_tag","embeddable":true,"href":"https:\/\/www.scv-jugend.de\/index.php?rest_route=%2Fwp%2Fv2%2Ftags&post=7225"}],"curies":[{"name":"wp","href":"https:\/\/api.w.org\/{rel}","templated":true}]}}