{"id":7188,"date":"2017-08-14T15:23:19","date_gmt":"2017-08-14T13:23:19","guid":{"rendered":"http:\/\/www.scv-jugend.de\/?p=7188"},"modified":"2017-08-15T15:31:45","modified_gmt":"2017-08-15T13:31:45","slug":"bilder-vom-schach-camp","status":"publish","type":"post","link":"https:\/\/www.scv-jugend.de\/?p=7188","title":{"rendered":"Bilder vom Schach-Camp"},"content":{"rendered":"<p>Vom 7. bis 11. August fand unser Schach-Camp im Pfarrsaal Neukeferloh statt. F\u00fcnf Trainer haben mit den 18 teilnehmenden Kindern in kleinen, entsprechend Spielst\u00e4rke und Alter eingeteilten Gruppen trainiert. Daneben war beim Fu\u00dfball, Minigolfen und Kegeln f\u00fcr viel Bewegung, Spa\u00df und Miteinander gesorgt.<\/p>\n<p>Nachfolgend einige Bilder:<br \/>\n<img loading=\"lazy\" decoding=\"async\" class=\"alignnone size-medium wp-image-7191\" src=\"http:\/\/www.scv-jugend.de\/wp-content\/uploads\/IMG_441-300x225.jpg\" alt=\"IMG_441\" width=\"300\" height=\"225\" srcset=\"https:\/\/www.scv-jugend.de\/wp-content\/uploads\/IMG_441-300x225.jpg 300w, https:\/\/www.scv-jugend.de\/wp-content\/uploads\/IMG_441-1024x768.jpg 1024w, https:\/\/www.scv-jugend.de\/wp-content\/uploads\/IMG_441-600x450.jpg 600w\" sizes=\"auto, (max-width: 300px) 100vw, 300px\" \/><\/p>\n<p><img loading=\"lazy\" decoding=\"async\" class=\"alignnone size-medium wp-image-7192\" src=\"http:\/\/www.scv-jugend.de\/wp-content\/uploads\/IMG_442-300x225.jpg\" alt=\"IMG_442\" width=\"300\" height=\"225\" srcset=\"https:\/\/www.scv-jugend.de\/wp-content\/uploads\/IMG_442-300x225.jpg 300w, https:\/\/www.scv-jugend.de\/wp-content\/uploads\/IMG_442-1024x768.jpg 1024w, https:\/\/www.scv-jugend.de\/wp-content\/uploads\/IMG_442-600x450.jpg 600w\" sizes=\"auto, (max-width: 300px) 100vw, 300px\" \/><\/p>\n<p><img loading=\"lazy\" decoding=\"async\" class=\"alignnone size-medium wp-image-7193\" src=\"http:\/\/www.scv-jugend.de\/wp-content\/uploads\/IMG_443-300x225.jpg\" alt=\"IMG_443\" width=\"300\" height=\"225\" srcset=\"https:\/\/www.scv-jugend.de\/wp-content\/uploads\/IMG_443-300x225.jpg 300w, https:\/\/www.scv-jugend.de\/wp-content\/uploads\/IMG_443-1024x768.jpg 1024w, https:\/\/www.scv-jugend.de\/wp-content\/uploads\/IMG_443-600x450.jpg 600w\" sizes=\"auto, (max-width: 300px) 100vw, 300px\" \/><\/p>\n<p><img loading=\"lazy\" decoding=\"async\" class=\"alignnone size-medium wp-image-7194\" src=\"http:\/\/www.scv-jugend.de\/wp-content\/uploads\/IMG_444-300x225.jpg\" alt=\"IMG_444\" width=\"300\" height=\"225\" srcset=\"https:\/\/www.scv-jugend.de\/wp-content\/uploads\/IMG_444-300x225.jpg 300w, https:\/\/www.scv-jugend.de\/wp-content\/uploads\/IMG_444-1024x768.jpg 1024w, https:\/\/www.scv-jugend.de\/wp-content\/uploads\/IMG_444-600x450.jpg 600w\" sizes=\"auto, (max-width: 300px) 100vw, 300px\" \/><\/p>\n<p><img loading=\"lazy\" decoding=\"async\" class=\"alignnone size-medium wp-image-7195\" src=\"http:\/\/www.scv-jugend.de\/wp-content\/uploads\/IMG_445-300x225.jpg\" alt=\"IMG_445\" width=\"300\" height=\"225\" srcset=\"https:\/\/www.scv-jugend.de\/wp-content\/uploads\/IMG_445-300x225.jpg 300w, https:\/\/www.scv-jugend.de\/wp-content\/uploads\/IMG_445-1024x768.jpg 1024w, https:\/\/www.scv-jugend.de\/wp-content\/uploads\/IMG_445-600x450.jpg 600w\" sizes=\"auto, (max-width: 300px) 100vw, 300px\" \/><\/p>\n<p><img loading=\"lazy\" decoding=\"async\" class=\"alignnone size-medium wp-image-7196\" src=\"http:\/\/www.scv-jugend.de\/wp-content\/uploads\/IMG_446-225x300.jpg\" alt=\"IMG_446\" width=\"225\" height=\"300\" srcset=\"https:\/\/www.scv-jugend.de\/wp-content\/uploads\/IMG_446-225x300.jpg 225w, https:\/\/www.scv-jugend.de\/wp-content\/uploads\/IMG_446-768x1024.jpg 768w, https:\/\/www.scv-jugend.de\/wp-content\/uploads\/IMG_446-600x800.jpg 600w\" sizes=\"auto, (max-width: 225px) 100vw, 225px\" \/><\/p>\n<p><img loading=\"lazy\" decoding=\"async\" class=\"alignnone size-medium wp-image-7197\" src=\"http:\/\/www.scv-jugend.de\/wp-content\/uploads\/IMG_4441-300x225.jpg\" alt=\"IMG_4441\" width=\"300\" height=\"225\" srcset=\"https:\/\/www.scv-jugend.de\/wp-content\/uploads\/IMG_4441-300x225.jpg 300w, https:\/\/www.scv-jugend.de\/wp-content\/uploads\/IMG_4441-1024x768.jpg 1024w, https:\/\/www.scv-jugend.de\/wp-content\/uploads\/IMG_4441-600x450.jpg 600w\" sizes=\"auto, (max-width: 300px) 100vw, 300px\" \/><\/p>\n<p><img loading=\"lazy\" decoding=\"async\" class=\"alignnone size-medium wp-image-7198\" src=\"http:\/\/www.scv-jugend.de\/wp-content\/uploads\/IMG_4449-300x225.jpg\" alt=\"IMG_4449\" width=\"300\" height=\"225\" srcset=\"https:\/\/www.scv-jugend.de\/wp-content\/uploads\/IMG_4449-300x225.jpg 300w, https:\/\/www.scv-jugend.de\/wp-content\/uploads\/IMG_4449-1024x768.jpg 1024w, https:\/\/www.scv-jugend.de\/wp-content\/uploads\/IMG_4449-600x450.jpg 600w\" sizes=\"auto, (max-width: 300px) 100vw, 300px\" \/><\/p>\n<p><img loading=\"lazy\" decoding=\"async\" class=\"alignnone size-medium wp-image-7199\" src=\"http:\/\/www.scv-jugend.de\/wp-content\/uploads\/IMG_4451-300x225.jpg\" alt=\"IMG_4451\" width=\"300\" height=\"225\" srcset=\"https:\/\/www.scv-jugend.de\/wp-content\/uploads\/IMG_4451-300x225.jpg 300w, https:\/\/www.scv-jugend.de\/wp-content\/uploads\/IMG_4451-1024x768.jpg 1024w, https:\/\/www.scv-jugend.de\/wp-content\/uploads\/IMG_4451-600x450.jpg 600w\" sizes=\"auto, (max-width: 300px) 100vw, 300px\" \/><\/p>\n<p><img loading=\"lazy\" decoding=\"async\" class=\"alignnone size-medium wp-image-7200\" src=\"http:\/\/www.scv-jugend.de\/wp-content\/uploads\/IMG_4455-300x225.jpg\" alt=\"IMG_4455\" width=\"300\" height=\"225\" srcset=\"https:\/\/www.scv-jugend.de\/wp-content\/uploads\/IMG_4455-300x225.jpg 300w, https:\/\/www.scv-jugend.de\/wp-content\/uploads\/IMG_4455-1024x768.jpg 1024w, https:\/\/www.scv-jugend.de\/wp-content\/uploads\/IMG_4455-600x450.jpg 600w\" sizes=\"auto, (max-width: 300px) 100vw, 300px\" \/><\/p>\n<p><img loading=\"lazy\" decoding=\"async\" class=\"alignnone size-medium wp-image-7201\" src=\"http:\/\/www.scv-jugend.de\/wp-content\/uploads\/IMG_4469-300x225.jpg\" alt=\"IMG_4469\" width=\"300\" height=\"225\" srcset=\"https:\/\/www.scv-jugend.de\/wp-content\/uploads\/IMG_4469-300x225.jpg 300w, https:\/\/www.scv-jugend.de\/wp-content\/uploads\/IMG_4469-1024x768.jpg 1024w, https:\/\/www.scv-jugend.de\/wp-content\/uploads\/IMG_4469-600x450.jpg 600w\" sizes=\"auto, (max-width: 300px) 100vw, 300px\" \/><\/p>\n<p><img loading=\"lazy\" decoding=\"async\" class=\"alignnone size-medium wp-image-7202\" src=\"http:\/\/www.scv-jugend.de\/wp-content\/uploads\/IMG_4471-225x300.jpg\" alt=\"IMG_4471\" width=\"225\" height=\"300\" srcset=\"https:\/\/www.scv-jugend.de\/wp-content\/uploads\/IMG_4471-225x300.jpg 225w, https:\/\/www.scv-jugend.de\/wp-content\/uploads\/IMG_4471-768x1024.jpg 768w, https:\/\/www.scv-jugend.de\/wp-content\/uploads\/IMG_4471-600x800.jpg 600w\" sizes=\"auto, (max-width: 225px) 100vw, 225px\" \/><\/p>\n<p><img loading=\"lazy\" decoding=\"async\" class=\"alignnone size-medium wp-image-7203\" src=\"http:\/\/www.scv-jugend.de\/wp-content\/uploads\/IMG_4475-300x225.jpg\" alt=\"IMG_4475\" width=\"300\" height=\"225\" srcset=\"https:\/\/www.scv-jugend.de\/wp-content\/uploads\/IMG_4475-300x225.jpg 300w, https:\/\/www.scv-jugend.de\/wp-content\/uploads\/IMG_4475-1024x768.jpg 1024w, https:\/\/www.scv-jugend.de\/wp-content\/uploads\/IMG_4475-600x450.jpg 600w\" sizes=\"auto, (max-width: 300px) 100vw, 300px\" \/><\/p>\n<p><img loading=\"lazy\" decoding=\"async\" class=\"alignnone size-medium wp-image-7207\" src=\"http:\/\/www.scv-jugend.de\/wp-content\/uploads\/Kegeln-300x225.jpeg\" alt=\"Kegeln\" width=\"300\" height=\"225\" srcset=\"https:\/\/www.scv-jugend.de\/wp-content\/uploads\/Kegeln-300x225.jpeg 300w, https:\/\/www.scv-jugend.de\/wp-content\/uploads\/Kegeln-1024x768.jpeg 1024w, https:\/\/www.scv-jugend.de\/wp-content\/uploads\/Kegeln-600x450.jpeg 600w, https:\/\/www.scv-jugend.de\/wp-content\/uploads\/Kegeln.jpeg 1040w\" sizes=\"auto, (max-width: 300px) 100vw, 300px\" \/><\/p>\n<p><iframe loading=\"lazy\" style=\"border: none;\" src=\"https:\/\/rcm-eu.amazon-adsystem.com\/e\/cm?o=3&amp;p=48&amp;l=ur1&amp;category=musicunlimited&amp;banner=0HMP9R1GXDE429GPPK02&amp;f=ifr&amp;linkID=dae8c3d0e62f0a29784ba84dd7cb054e&amp;t=wwwscvjugendd-21&amp;tracking_id=wwwscvjugendd-21\" width=\"728\" height=\"90\" frameborder=\"0\" marginwidth=\"0\" scrolling=\"no\"><\/iframe><\/p>\n","protected":false},"excerpt":{"rendered":"<p>Vom 7. bis 11. August fand unser Schach-Camp im Pfarrsaal Neukeferloh statt. F\u00fcnf Trainer haben mit den 18 teilnehmenden Kindern in kleinen, entsprechend Spielst\u00e4rke und Alter eingeteilten Gruppen trainiert. Daneben war beim Fu\u00dfball, Minigolfen und Kegeln f\u00fcr viel Bewegung, Spa\u00df &#8230; <a class=\"more-link\" href=\"https:\/\/www.scv-jugend.de\/?p=7188\">Read More &raquo;<\/a><\/p>\n","protected":false},"author":11,"featured_media":0,"comment_status":"closed","ping_status":"closed","sticky":false,"template":"","format":"standard","meta":{"footnotes":""},"categories":[16],"tags":[],"class_list":["post-7188","post","type-post","status-publish","format-standard","hentry","category-26-vermischtes"],"_links":{"self":[{"href":"https:\/\/www.scv-jugend.de\/index.php?rest_route=\/wp\/v2\/posts\/7188","targetHints":{"allow":["GET"]}}],"collection":[{"href":"https:\/\/www.scv-jugend.de\/index.php?rest_route=\/wp\/v2\/posts"}],"about":[{"href":"https:\/\/www.scv-jugend.de\/index.php?rest_route=\/wp\/v2\/types\/post"}],"author":[{"embeddable":true,"href":"https:\/\/www.scv-jugend.de\/index.php?rest_route=\/wp\/v2\/users\/11"}],"replies":[{"embeddable":true,"href":"https:\/\/www.scv-jugend.de\/index.php?rest_route=%2Fwp%2Fv2%2Fcomments&post=7188"}],"version-history":[{"count":5,"href":"https:\/\/www.scv-jugend.de\/index.php?rest_route=\/wp\/v2\/posts\/7188\/revisions"}],"predecessor-version":[{"id":7208,"href":"https:\/\/www.scv-jugend.de\/index.php?rest_route=\/wp\/v2\/posts\/7188\/revisions\/7208"}],"wp:attachment":[{"href":"https:\/\/www.scv-jugend.de\/index.php?rest_route=%2Fwp%2Fv2%2Fmedia&parent=7188"}],"wp:term":[{"taxonomy":"category","embeddable":true,"href":"https:\/\/www.scv-jugend.de\/index.php?rest_route=%2Fwp%2Fv2%2Fcategories&post=7188"},{"taxonomy":"post_tag","embeddable":true,"href":"https:\/\/www.scv-jugend.de\/index.php?rest_route=%2Fwp%2Fv2%2Ftags&post=7188"}],"curies":[{"name":"wp","href":"https:\/\/api.w.org\/{rel}","templated":true}]}}