{"id":7173,"date":"2017-07-24T15:19:00","date_gmt":"2017-07-24T13:19:00","guid":{"rendered":"http:\/\/www.scv-jugend.de\/?p=7173"},"modified":"2017-07-24T15:31:22","modified_gmt":"2017-07-24T13:31:22","slug":"25-bis-30-09-2017-faszination-schach-grossmeister-foerdert-kinder-muenchen-olympia-einkaufszentrum","status":"publish","type":"post","link":"https:\/\/www.scv-jugend.de\/?p=7173","title":{"rendered":"25. bis 30.09.2017: Faszination Schach, Gro\u00dfmeister f\u00f6rdert Kinder, M\u00fcnchen, Olympia-Einkaufszentrum"},"content":{"rendered":"<p>Sehr geehrte Leitung,<br \/>\nunsere beliebten Kinderschachtage kommen im September 2017 nach M\u00fcnchen!<br \/>\nDer Oberb\u00fcrgermeister hat die Schirmherrschaft \u00fcbernommen und unterst\u00fctzt das Programm.<br \/>\nWir haben ein Konzept entwickelt, in welchem Kinder in einer lebendigen Art das k\u00f6nigliche Spiel<br \/>\n&#8222;Schach&#8220; erlernen und somit vorausschauendes Denken, ihre Konzentrationsf\u00e4higkeit und L\u00f6sungskompetenzen spielerisch schulen.<br \/>\nUnser Parcours ist f\u00fcr kleine und gro\u00dfe Gruppen, sowie ganze Schulklassen geeignet.<br \/>\nF\u00fcr Fortgeschrittene bieten wir individuelles Gro\u00dfmeistertraining an.<br \/>\nEine Exkursion in die Welt des Erlebnisschach mit Riesenschach, Konditionsschach und der gesamten Bandbreite der &#8222;Faszination Schach&#8220;!<br \/>\nBisher haben wir deutschlandweit \u00fcber 21.200 Kinder ausgebildet.<br \/>\nSehen Sie u.a.:<br \/>\nhttp:\/\/www.schachbund.de\/news\/faszination-schach-tourplan-2017.html<br \/>\nhttps:\/\/www.facebook.com\/lindencenter\/videos\/10155270349382661\/?pnref=story<br \/>\nBitte w\u00e4hlen Sie einen Termin f\u00fcr ihre Gruppe vom 25.-30.September 2017,<br \/>\nMontag bis Freitag von 10.00-11.30 Uhr, 11.30-13.00 Uhr oder 13.30-15.00 Uhr!<br \/>\nSichern Sie sich ihren Wunschtermin, die Angebote sind kostenfrei.<br \/>\nWir freuen uns auf ihre Kinder<br \/>\nF\u00fcr R\u00fcckfragen stehe ich gerne zu Ihrer Verf\u00fcgung.<\/p>\n<p>Mit besten Gr\u00fc\u00dfen,<br \/>\nSebastian Siebrecht<br \/>\n&#8212;<\/p>\n<p>Botschaft SCHACH<br \/>\nGro\u00dfmeister<br \/>\nSebastian Siebrecht<br \/>\nJ\u00fcrgengang 13<br \/>\n45138 Essen<br \/>\n0179.5241835<br \/>\ninfo@grundschulschach.de<br \/>\nwww.grundschulschach.de<br \/>\nwww.grundschulschach.de\/apps\/blog<\/p>\n<p>Mitgeschickte Dateien:<br \/>\n<a href=\"http:\/\/www.scv-jugend.de\/wp-content\/uploads\/ECE-M\u00fcnchen-Olympia-EKZ-Einladung-2017.pdf\" rel=\"\">ECE, M\u00fcnchen, Olympia-EKZ, Einladung 2017<\/a><\/p>\n<p><a href=\"http:\/\/www.scv-jugend.de\/wp-content\/uploads\/ECE-M\u00fcnchen-Olympia-EKZ-Pressemitteilung.pdf\" rel=\"\">ECE, M\u00fcnchen, Olympia-EKZ, Pressemitteilung<\/a><\/p>\n<p><a href=\"http:\/\/www.scv-jugend.de\/wp-content\/uploads\/ECE-M\u00fcnchen-Olympia-EKZ-Programm-Schachtage-2017.pdf\" rel=\"\">ECE, M\u00fcnchen, Olympia-EKZ, Programm Schachtage 2017<\/a><\/p>\n<p><img loading=\"lazy\" decoding=\"async\" class=\"alignnone size-medium wp-image-7177\" src=\"http:\/\/www.scv-jugend.de\/wp-content\/uploads\/Faszination-Schach.-III-300x200.jpg\" alt=\"Faszination Schach. III\" width=\"300\" height=\"200\" srcset=\"https:\/\/www.scv-jugend.de\/wp-content\/uploads\/Faszination-Schach.-III-300x200.jpg 300w, https:\/\/www.scv-jugend.de\/wp-content\/uploads\/Faszination-Schach.-III-1024x683.jpg 1024w, https:\/\/www.scv-jugend.de\/wp-content\/uploads\/Faszination-Schach.-III-600x400.jpg 600w\" sizes=\"auto, (max-width: 300px) 100vw, 300px\" \/> <img loading=\"lazy\" decoding=\"async\" class=\"alignnone size-medium wp-image-7178\" src=\"http:\/\/www.scv-jugend.de\/wp-content\/uploads\/Faszination-Schach.-Jung-und-Alt-300x200.jpg\" alt=\"Faszination Schach. Jung und Alt\" width=\"300\" height=\"200\" srcset=\"https:\/\/www.scv-jugend.de\/wp-content\/uploads\/Faszination-Schach.-Jung-und-Alt-300x200.jpg 300w, https:\/\/www.scv-jugend.de\/wp-content\/uploads\/Faszination-Schach.-Jung-und-Alt-1024x683.jpg 1024w, https:\/\/www.scv-jugend.de\/wp-content\/uploads\/Faszination-Schach.-Jung-und-Alt-600x400.jpg 600w\" sizes=\"auto, (max-width: 300px) 100vw, 300px\" \/>\u00a0<img loading=\"lazy\" decoding=\"async\" class=\"alignnone size-medium wp-image-7180\" src=\"http:\/\/www.scv-jugend.de\/wp-content\/uploads\/Faszination-Schach.-Training-mit-Sebastian-Siebrecht-1-200x300.jpg\" alt=\"Faszination Schach. Training mit Sebastian Siebrecht\" width=\"200\" height=\"300\" srcset=\"https:\/\/www.scv-jugend.de\/wp-content\/uploads\/Faszination-Schach.-Training-mit-Sebastian-Siebrecht-1-200x300.jpg 200w, https:\/\/www.scv-jugend.de\/wp-content\/uploads\/Faszination-Schach.-Training-mit-Sebastian-Siebrecht-1-683x1024.jpg 683w, https:\/\/www.scv-jugend.de\/wp-content\/uploads\/Faszination-Schach.-Training-mit-Sebastian-Siebrecht-1-600x900.jpg 600w, https:\/\/www.scv-jugend.de\/wp-content\/uploads\/Faszination-Schach.-Training-mit-Sebastian-Siebrecht-1.jpg 1824w\" sizes=\"auto, (max-width: 200px) 100vw, 200px\" \/><\/p>\n<p><iframe loading=\"lazy\" style=\"border: none;\" src=\"https:\/\/rcm-eu.amazon-adsystem.com\/e\/cm?o=3&amp;p=48&amp;l=ur1&amp;category=audible&amp;banner=05RZ7CAAPGXJKXHVZX82&amp;f=ifr&amp;linkID=34246f40260e5f29b2fc7b38898092b5&amp;t=wwwscvjugendd-21&amp;tracking_id=wwwscvjugendd-21\" width=\"728\" height=\"90\" frameborder=\"0\" marginwidth=\"0\" scrolling=\"no\"><\/iframe><\/p>\n","protected":false},"excerpt":{"rendered":"<p>Sehr geehrte Leitung, unsere beliebten Kinderschachtage kommen im September 2017 nach M\u00fcnchen! Der Oberb\u00fcrgermeister hat die Schirmherrschaft \u00fcbernommen und unterst\u00fctzt das Programm. Wir haben ein Konzept entwickelt, in welchem Kinder in einer lebendigen Art das k\u00f6nigliche Spiel &#8222;Schach&#8220; erlernen und &#8230; <a class=\"more-link\" href=\"https:\/\/www.scv-jugend.de\/?p=7173\">Read More &raquo;<\/a><\/p>\n","protected":false},"author":11,"featured_media":0,"comment_status":"closed","ping_status":"closed","sticky":false,"template":"","format":"standard","meta":{"footnotes":""},"categories":[16],"tags":[],"class_list":["post-7173","post","type-post","status-publish","format-standard","hentry","category-26-vermischtes"],"_links":{"self":[{"href":"https:\/\/www.scv-jugend.de\/index.php?rest_route=\/wp\/v2\/posts\/7173","targetHints":{"allow":["GET"]}}],"collection":[{"href":"https:\/\/www.scv-jugend.de\/index.php?rest_route=\/wp\/v2\/posts"}],"about":[{"href":"https:\/\/www.scv-jugend.de\/index.php?rest_route=\/wp\/v2\/types\/post"}],"author":[{"embeddable":true,"href":"https:\/\/www.scv-jugend.de\/index.php?rest_route=\/wp\/v2\/users\/11"}],"replies":[{"embeddable":true,"href":"https:\/\/www.scv-jugend.de\/index.php?rest_route=%2Fwp%2Fv2%2Fcomments&post=7173"}],"version-history":[{"count":2,"href":"https:\/\/www.scv-jugend.de\/index.php?rest_route=\/wp\/v2\/posts\/7173\/revisions"}],"predecessor-version":[{"id":7182,"href":"https:\/\/www.scv-jugend.de\/index.php?rest_route=\/wp\/v2\/posts\/7173\/revisions\/7182"}],"wp:attachment":[{"href":"https:\/\/www.scv-jugend.de\/index.php?rest_route=%2Fwp%2Fv2%2Fmedia&parent=7173"}],"wp:term":[{"taxonomy":"category","embeddable":true,"href":"https:\/\/www.scv-jugend.de\/index.php?rest_route=%2Fwp%2Fv2%2Fcategories&post=7173"},{"taxonomy":"post_tag","embeddable":true,"href":"https:\/\/www.scv-jugend.de\/index.php?rest_route=%2Fwp%2Fv2%2Ftags&post=7173"}],"curies":[{"name":"wp","href":"https:\/\/api.w.org\/{rel}","templated":true}]}}