{"id":7165,"date":"2017-07-23T17:05:45","date_gmt":"2017-07-23T15:05:45","guid":{"rendered":"http:\/\/www.scv-jugend.de\/?p=7165"},"modified":"2017-07-23T17:09:05","modified_gmt":"2017-07-23T15:09:05","slug":"saison-abschluss-grillen-am-freitag-28-juli","status":"publish","type":"post","link":"https:\/\/www.scv-jugend.de\/?p=7165","title":{"rendered":"Saison-Abschluss-Grillen am Freitag, 28. Juli"},"content":{"rendered":"<p>Liebe Schachfreunde,<\/p>\n<p>eine erfolgreiche Saison neigt sich dem Ende zu. Wir haben zahlreiche Titel und Erfolge zu feiern:<br \/>\nUnsere U25-Mannschaft wurde Bayerischer Meister und unsere U12-Mannschaft Bayerischer Vize-Meister:<br \/>\n<a title=\"http:\/\/www.scv-jugend.de\/?p=7136\" href=\"http:\/\/www.scv-jugend.de\/?p=7136\">http:\/\/www.scv-jugend.de\/?p=7136<\/a><br \/>\nUnsere U14-M\u00e4dchen-Mannschaft wurde Bayerischer Vize-Meister<br \/>\nLars Goldbeck ist Bayerischer Einzelmeister in der U16<br \/>\nUnsere 1. Erwachsenen-Mannschaft gewann die B-Klasse 1<\/p>\n<p>Es gibt also am Freitag, 28. Juli, viel zu feiern!<\/p>\n<p>Das Programm sieht wie folgt aus:<\/p>\n<p>Ab 16.15 Uhr: Kinderprogramm: unter anderem Simultan gegen den Bayerischen Meister U16 Lars Goldbeck (Eltern d\u00fcrfen gerne schon mitkommen, zuschauen und beim Aufbau der Biertische f\u00fcr das Grillen helfen)<\/p>\n<p>Ab 18.00 Uhr: Gemeinsames Grillen. Jeder bringt bitte sein Grillgut sowie einen Salat etc. mit. Bitte tragt Euch mit Namen, Personenzahl (z. B. Schmitt, 3) und dem Salat \/ Brot \/ Nachtisch in die Doodle-Liste ein:<br \/>\n<a title=\"http:\/\/doodle.com\/poll\/cw7xgtwqmvscyhp2\" href=\"http:\/\/doodle.com\/poll\/cw7xgtwqmvscyhp2\">http:\/\/doodle.com\/poll\/cw7xgtwqmvscyhp2<\/a><\/p>\n<p>Ab 19.30 Uhr: Sommerblitzturnier f\u00fcr alle:<br \/>\n<a title=\"http:\/\/www.scv-jugend.de\/?p=7121\" href=\"http:\/\/www.scv-jugend.de\/?p=7121\">http:\/\/www.scv-jugend.de\/?p=7121<\/a><\/p>\n<p>Wir blitzen im Pfarrsaal, w\u00e4hrend drau\u00dfen der Grill und die Biertische stehen.<\/p>\n<p>Sch\u00f6ne Gr\u00fc\u00dfe<br \/>\nMatthias Schmitt<\/p>\n<p><iframe loading=\"lazy\" style=\"border: none;\" src=\"https:\/\/rcm-eu.amazon-adsystem.com\/e\/cm?o=3&amp;p=48&amp;l=ur1&amp;category=musicunlimited&amp;banner=0HMP9R1GXDE429GPPK02&amp;f=ifr&amp;linkID=dae8c3d0e62f0a29784ba84dd7cb054e&amp;t=wwwscvjugendd-21&amp;tracking_id=wwwscvjugendd-21\" width=\"728\" height=\"90\" frameborder=\"0\" marginwidth=\"0\" scrolling=\"no\"><\/iframe><\/p>\n","protected":false},"excerpt":{"rendered":"<p>Liebe Schachfreunde, eine erfolgreiche Saison neigt sich dem Ende zu. Wir haben zahlreiche Titel und Erfolge zu feiern: Unsere U25-Mannschaft wurde Bayerischer Meister und unsere U12-Mannschaft Bayerischer Vize-Meister: http:\/\/www.scv-jugend.de\/?p=7136 Unsere U14-M\u00e4dchen-Mannschaft wurde Bayerischer Vize-Meister Lars Goldbeck ist Bayerischer Einzelmeister in &#8230; <a class=\"more-link\" href=\"https:\/\/www.scv-jugend.de\/?p=7165\">Read More &raquo;<\/a><\/p>\n","protected":false},"author":11,"featured_media":0,"comment_status":"closed","ping_status":"closed","sticky":false,"template":"","format":"standard","meta":{"footnotes":""},"categories":[15,16],"tags":[],"class_list":["post-7165","post","type-post","status-publish","format-standard","hentry","category-25-veranstaltungen-ehrungen","category-26-vermischtes"],"_links":{"self":[{"href":"https:\/\/www.scv-jugend.de\/index.php?rest_route=\/wp\/v2\/posts\/7165","targetHints":{"allow":["GET"]}}],"collection":[{"href":"https:\/\/www.scv-jugend.de\/index.php?rest_route=\/wp\/v2\/posts"}],"about":[{"href":"https:\/\/www.scv-jugend.de\/index.php?rest_route=\/wp\/v2\/types\/post"}],"author":[{"embeddable":true,"href":"https:\/\/www.scv-jugend.de\/index.php?rest_route=\/wp\/v2\/users\/11"}],"replies":[{"embeddable":true,"href":"https:\/\/www.scv-jugend.de\/index.php?rest_route=%2Fwp%2Fv2%2Fcomments&post=7165"}],"version-history":[{"count":2,"href":"https:\/\/www.scv-jugend.de\/index.php?rest_route=\/wp\/v2\/posts\/7165\/revisions"}],"predecessor-version":[{"id":7167,"href":"https:\/\/www.scv-jugend.de\/index.php?rest_route=\/wp\/v2\/posts\/7165\/revisions\/7167"}],"wp:attachment":[{"href":"https:\/\/www.scv-jugend.de\/index.php?rest_route=%2Fwp%2Fv2%2Fmedia&parent=7165"}],"wp:term":[{"taxonomy":"category","embeddable":true,"href":"https:\/\/www.scv-jugend.de\/index.php?rest_route=%2Fwp%2Fv2%2Fcategories&post=7165"},{"taxonomy":"post_tag","embeddable":true,"href":"https:\/\/www.scv-jugend.de\/index.php?rest_route=%2Fwp%2Fv2%2Ftags&post=7165"}],"curies":[{"name":"wp","href":"https:\/\/api.w.org\/{rel}","templated":true}]}}