{"id":7149,"date":"2017-07-18T20:00:22","date_gmt":"2017-07-18T18:00:22","guid":{"rendered":"http:\/\/www.scv-jugend.de\/?p=7149"},"modified":"2017-07-23T17:09:10","modified_gmt":"2017-07-23T15:09:10","slug":"bericht-vom-7-chessimo-pokalturnier-ralf-eisl-gewinnt-unangefochten-die-u12","status":"publish","type":"post","link":"https:\/\/www.scv-jugend.de\/?p=7149","title":{"rendered":"Bericht vom 7. Chessimo-Pokalturnier &#8211; Ralf Eisl gewinnt den U12-Jugend-Pokal mit Maximalpunktzahl"},"content":{"rendered":"<div class=\"itemIntroText\">\n<p>Schon im Vorfeld war es erwartet worden, und so kam es dann auch. Der 16. Juli 2017 brach im Gymnasium Vaterstetten alle Rekorde der DWZ-Pokalturniere und wurde auch sonst in allen Belangen den Anforderungen an eine gro\u00dfartigen Saisonbaschlu\u00df gerecht, herrliches Sommerwetter inclusive.<\/p>\n<p>Die 155 Teilnehmer brachten mit \u00fcber 300 gespielten Partien 29 Pokalgewinner hervor. Im Analyseraum herrschte Hochbetrieb, neben manchem Fehler wurden auch einige perfekt gespielte Kombinationen entdeckt. Und wem all das nicht genug war, der konnte sich an den ber\u00fchmten Vaterstettener Crepes laben.<\/p>\n<p>Aus Ergebnissicht besonders erw\u00e4hnenswert ist, da\u00df es in allen drei Altersklassen der Jugend-Pokale jeweils einen souver\u00e4nen Sieger gab.\u00a0<strong>Rodion Sheludko<\/strong>\u00a0vom SC Tarrasch 45 M\u00fcnchen in der U8,\u00a0<strong>Korbinian Nutz<\/strong>\u00a0vom TV Tegernsee in der U10 und schlie\u00dflich\u00a0<strong>Ralf Eisl<\/strong>\u00a0vom ausrichtenden SC Vaterstetten-Grasbrunn in der U12 &#8211; alle drei kamen mit f\u00fcnf Punkten aus f\u00fcnf Partien ins Ziel!<\/p>\n<\/div>\n<div class=\"itemFullText\">\n<p><img loading=\"lazy\" decoding=\"async\" class=\"alignnone size-medium wp-image-7150\" src=\"http:\/\/www.scv-jugend.de\/wp-content\/uploads\/IMG_4249-300x225.jpg\" alt=\"IMG_4249\" width=\"300\" height=\"225\" srcset=\"https:\/\/www.scv-jugend.de\/wp-content\/uploads\/IMG_4249-300x225.jpg 300w, https:\/\/www.scv-jugend.de\/wp-content\/uploads\/IMG_4249-1024x768.jpg 1024w, https:\/\/www.scv-jugend.de\/wp-content\/uploads\/IMG_4249-600x450.jpg 600w\" sizes=\"auto, (max-width: 300px) 100vw, 300px\" \/><\/p>\n<p>Die\u00a0<strong>U12<\/strong>\u00a0war mit 23 Teilnehmern kleiner als die beiden anderen Altersgruppen, doch gegen Saisonende ist dies ein normaler Effekt: Im September kommen hier zahlreiche U10-Spieler nach und werden dann in deden Kampf um die Pokale eingreifen. Hinter Ralf &#8211; der \u00fcbrigens seine letzte Chance nutzte, n\u00e4chste Saison sehen wir ihn im Amateur-Pokal wieder &#8211; landeten auf den weiteren Pl\u00e4tzen\u00a0<strong>Severin Hagn<\/strong>\u00a0vom TV Tegernsee hauchd\u00fcnn vor\u00a0<strong>Timo Kampfmeier<\/strong>\u00a0vom SC Tarrasch 45 M\u00fcnchen mit jeweils vier Punkten. Allen drei Erstplazierten gelang damit der Sprung in den vierstelligen DWZ-Bereich. Der M\u00e4dchen-Pokal ging an die zehntplazierte\u00a0<strong>Tanmayi Desabhatla<\/strong>\u00a0vom SC Garching 1980.<\/p>\n<p><img loading=\"lazy\" decoding=\"async\" class=\"alignnone size-medium wp-image-7151\" src=\"http:\/\/www.scv-jugend.de\/wp-content\/uploads\/IMG_4225-300x225.jpg\" alt=\"IMG_4225\" width=\"300\" height=\"225\" srcset=\"https:\/\/www.scv-jugend.de\/wp-content\/uploads\/IMG_4225-300x225.jpg 300w, https:\/\/www.scv-jugend.de\/wp-content\/uploads\/IMG_4225-1024x768.jpg 1024w, https:\/\/www.scv-jugend.de\/wp-content\/uploads\/IMG_4225-600x450.jpg 600w\" sizes=\"auto, (max-width: 300px) 100vw, 300px\" \/><\/p>\n<p>Die\u00a0<strong>U10<\/strong>\u00a0sah ob der gro\u00dfen Teilnehmerzahl von 34 Jungs und M\u00e4dchen ein hartes Rennen um die hinter Korbinian verbliebenen Pokale, ganze sechs Spieler kamen mit vier Punkten ins Ziel. Trotzdem war der Feinwertungsbastand von\u00a0<strong>Emil Kasims<\/strong>\u00a0(SC Kirchseeon) und\u00a0<strong>Eric Navarro Jahnke<\/strong>\u00a0(MTV Ingolstadt) auf die Verfolger deutlich, die Pl\u00e4tze 2 und 3 also verdient. F\u00fcr Eric war es zudem die Wiederholung seines dritten Platzes aus seinem Heimturnier vor vier Wochen. Der M\u00e4dchen-Pokal ging an\u00a0<strong>Julia Ziolkowski<\/strong>\u00a0vom Nachbarverein SC Haar 1931 auf Platz 9, die damit nach ihrem zweiten Platz vom Dezember am gleichen Ort eine weitere Troph\u00e4e einsackte.<\/p>\n<p><img loading=\"lazy\" decoding=\"async\" class=\"alignnone size-medium wp-image-7152\" src=\"http:\/\/www.scv-jugend.de\/wp-content\/uploads\/IMG_4202-300x225.jpg\" alt=\"IMG_4202\" width=\"300\" height=\"225\" srcset=\"https:\/\/www.scv-jugend.de\/wp-content\/uploads\/IMG_4202-300x225.jpg 300w, https:\/\/www.scv-jugend.de\/wp-content\/uploads\/IMG_4202-1024x768.jpg 1024w, https:\/\/www.scv-jugend.de\/wp-content\/uploads\/IMG_4202-600x450.jpg 600w\" sizes=\"auto, (max-width: 300px) 100vw, 300px\" \/><\/p>\n<p>Auch in der U8 waren 34 Teilnehmer am Start, hinter Rodion landeten hier\u00a0<strong>Alexander Lukes<\/strong>(SK M\u00fcnchen S\u00fcdost) und der vereinslose\u00a0<strong>Vincent Gut<\/strong>\u00a0auf den pokalpr\u00e4mierten R\u00e4ngen, vier Punkte und gen\u00fcgend Abstand in der Buchholzzahl waren daf\u00fcr ausschlaggebend. Den M\u00e4dchen-Pokal sicherte sich\u00a0<strong>Sofia Klonov<\/strong>\u00a0vom SK M\u00fcnchen S\u00fcdost. Ihr kleiner Bruder\u00a0<strong>Mihail<\/strong>\u00a0wollt am Ende ebenfalls auf das Photo nach der Siegerehrung &#8211; verdient h\u00e4tte er es gehabt, denn mit vier Jahren und vier Monaten war er mit Abstand der j\u00fcngste Teilnehmer. Ein Remis gegen einen DWZ-Spieler an diesem Sonntag wird ihn wohl schon bald zu einem der j\u00fcngsten DWZ-Inhaber Deutschlands machen.<\/p>\n<p>Insgesamt verdienten sich in den Jugend-Pokalen \u00fcbrigens ein halbes Dutzend Spieler ihre erste DWZ, und weit mehr von den (wenn auch nur noch wenigen) dwz-losen errangen positive Restpartien, mit denen es bei den n\u00e4chsten Events in Dorfen und erneut Vaterstetten im September ein leichtes sein wird, ebenfalls zur Erst-DWZ zu gelangen.<\/p>\n<p>Nat\u00fcrlich war auch die Amateur-Abteilung gut besetzt. Erstmals gab es 16 Gruppen und sogar ein Sieger mehr als diese Zahl vermuten l\u00e4sst. Gruppe 6 endete mit einem Sieg zweier Akteure, der aber versehentlich erst nach dem Turnier bemerkt wurde &#8211;\u00a0<strong>Stelio Russakis<\/strong>\u00a0vom PSV Dorfen und\u00a0<strong>Korbinian Ruff<\/strong>\u00a0von der SGem Aschheim\/Feldkir.\/Kirchh. &#8211; letzterer bekommt seinen verdienten Pokal nachgereicht. Sieben Akteure meisterten die Herausforderung mit der Maximalpunktzahl,\u00a0<strong>Christian Reiter<\/strong>\u00a0vom SC Unterhaching,\u00a0<strong>Maria Schilay<\/strong>\u00a0vom SK Neumarkt,\u00a0<strong>David Robelly<\/strong>\u00a0vom SC Unterhaching,\u00a0<strong>Leo Sprengard<\/strong>\u00a0vom SK Germering,\u00a0<strong>Mesut Ceylan<\/strong>\u00a0von der SGem Aschheim\/Feldkir.\/Kirchh. sowie die vereinslosen\u00a0<strong>David Mehlhorn<\/strong>\u00a0und\u00a0<strong>Johann Pichl<\/strong>.<\/p>\n<p><img loading=\"lazy\" decoding=\"async\" class=\"alignnone size-medium wp-image-7153\" src=\"http:\/\/www.scv-jugend.de\/wp-content\/uploads\/IMG_4192-300x225.jpg\" alt=\"IMG_4192\" width=\"300\" height=\"225\" srcset=\"https:\/\/www.scv-jugend.de\/wp-content\/uploads\/IMG_4192-300x225.jpg 300w, https:\/\/www.scv-jugend.de\/wp-content\/uploads\/IMG_4192-1024x768.jpg 1024w, https:\/\/www.scv-jugend.de\/wp-content\/uploads\/IMG_4192-600x450.jpg 600w\" sizes=\"auto, (max-width: 300px) 100vw, 300px\" \/><\/p>\n<p>Aus Veranstalter-Sicht ist zudem der zweite Platz von\u00a0<strong>Clemens Lerchl<\/strong>\u00a0\u2013 er hatte 2\/3 und war damit punktgleich mit der schon genannten Maria Schilay \u2013 sehr erfreulich. Clemens hatte am Tag zuvor in Augsburg noch drei nervenaufreibende Partien gespielt und sich mit seiner Mannschaft als Zweitplatzierter das Ticket f\u00fcr die Deutsche U12-Mannschaftsmeisterschaft gesichert. Sechs Partien in zwei Tagen spielte auch\u00a0<strong>Liviu-Daniel Popovici<\/strong>\u00a0vom SC Tarrasch 45 M\u00fcnchen \u2013 er gewann mit seiner Mannschaft tags zuvor den bayerischen U12-Titel. Am Sonntag setzte er in Vaterstetten mit 2,5\/3 auch noch den Sieg in Gruppe 10 obendrauf.<\/p>\n<p><img loading=\"lazy\" decoding=\"async\" class=\"alignnone size-medium wp-image-7154\" src=\"http:\/\/www.scv-jugend.de\/wp-content\/uploads\/IMG_4198-300x225.jpg\" alt=\"IMG_4198\" width=\"300\" height=\"225\" srcset=\"https:\/\/www.scv-jugend.de\/wp-content\/uploads\/IMG_4198-300x225.jpg 300w, https:\/\/www.scv-jugend.de\/wp-content\/uploads\/IMG_4198-1024x768.jpg 1024w, https:\/\/www.scv-jugend.de\/wp-content\/uploads\/IMG_4198-600x450.jpg 600w\" sizes=\"auto, (max-width: 300px) 100vw, 300px\" \/><\/p>\n<p>Aller Ergebnisse und Sieger finden sich wie immer in den entsprechenden Rubriken dieser Seite.<\/p>\n<p>Vielen Dank unsererseits an alle Teilnehmer und Betreuer. So macht es Spa\u00df, diese Turnier zu veranstalten. Der enorme Zustrom und Zuspruch, den wir erfahren, ist uns ein Antrieb, unsere Bem\u00fchungen um diese Turnierform fortzuf\u00fchren &#8211; der bayerische Veranstaltungskalender der n\u00e4chsten Saison, so weit er schon feststeht, spricht B\u00e4nde.<\/p>\n<p>Nat\u00fcrlich, 155 Teilnehmer, das war von Seiten der Organisation und Logistik eine enormer Aufwand &#8211; im Vorfeld, im Verlauf und auch in der Abwicklung im Nachhinein. Hier und da gab es daher sicher Ungereimtheiten, und neben vielem Lob bekamen wir diese auch mitgeteilt, nicht immer ganz freundlich. Wir haben alle diese aufgenommen und machen uns st\u00e4ndig Gedanken dar\u00fcber, wie wir die Abl\u00e4ufe verbessern k\u00f6nnen. Schon in der n\u00e4chsten Saison sollte beispielsweise die bem\u00e4ngelte Wartezeit zwischen Anmeldung und Turnierbeginn deutlich reduziert werden k\u00f6nnen.<\/p>\n<p>Ansonsten sei aber darauf hingewiesen &#8211; so wie mancher Schachspieler im Laufe eines langen Tages nicht in jeder Situation den besten Zug findet, so passiert uns auch das ein oder andere Malheur &#8211; wir bitten um Entschuldigung und Verst\u00e4ndnis &#8211; und freuen uns auf die n\u00e4chste Chance, es richtig zu machen. Daf\u00fcr bieten wir dann auch die Gelegenheit, neuerlich den besten Zug zu finden!<\/p>\n<p>Schon jetzt gehen \u00fcbrigens die ersten Anmeldungen f\u00fcr die Septemberturniere ein &#8211; die stetig steigenden Teilnehmerzahlen legen nahe, fr\u00fchzeitig zu melden, wenn man auf der sicheren Seite sein will. Und noch ein Tipp f\u00fcr das n\u00e4chste Turnier in Vaterstetten am 24. September: rechtzeitig Briefwahlunterlagen beantragen. \ud83d\ude42<\/p>\n<p>Autoren Helge Frowein \/ Matthias Schmitt<br \/>\nsiehe auch:\u00a0http:\/\/www.chessimo-pokalturniere.de\/index.php\/bayern-veranstalter\/sc-vaterstetten-grasbrunn\/16-juli-2017-7-vjap\/item\/403-155-teilnehmer-rekordturnier-bei-7-auflage-in-vaterstetten<\/p>\n<\/div>\n<p><iframe loading=\"lazy\" style=\"border: none;\" src=\"https:\/\/rcm-eu.amazon-adsystem.com\/e\/cm?o=3&amp;p=48&amp;l=ur1&amp;category=musicunlimited&amp;banner=0HMP9R1GXDE429GPPK02&amp;f=ifr&amp;linkID=dae8c3d0e62f0a29784ba84dd7cb054e&amp;t=wwwscvjugendd-21&amp;tracking_id=wwwscvjugendd-21\" width=\"728\" height=\"90\" frameborder=\"0\" marginwidth=\"0\" scrolling=\"no\"><\/iframe><\/p>\n","protected":false},"excerpt":{"rendered":"<p>Schon im Vorfeld war es erwartet worden, und so kam es dann auch. Der 16. Juli 2017 brach im Gymnasium Vaterstetten alle Rekorde der DWZ-Pokalturniere und wurde auch sonst in allen Belangen den Anforderungen an eine gro\u00dfartigen Saisonbaschlu\u00df gerecht, herrliches &#8230; <a class=\"more-link\" href=\"https:\/\/www.scv-jugend.de\/?p=7149\">Read More &raquo;<\/a><\/p>\n","protected":false},"author":11,"featured_media":0,"comment_status":"closed","ping_status":"closed","sticky":false,"template":"","format":"standard","meta":{"footnotes":""},"categories":[4],"tags":[],"class_list":["post-7149","post","type-post","status-publish","format-standard","hentry","category-13-turniere-scv"],"_links":{"self":[{"href":"https:\/\/www.scv-jugend.de\/index.php?rest_route=\/wp\/v2\/posts\/7149","targetHints":{"allow":["GET"]}}],"collection":[{"href":"https:\/\/www.scv-jugend.de\/index.php?rest_route=\/wp\/v2\/posts"}],"about":[{"href":"https:\/\/www.scv-jugend.de\/index.php?rest_route=\/wp\/v2\/types\/post"}],"author":[{"embeddable":true,"href":"https:\/\/www.scv-jugend.de\/index.php?rest_route=\/wp\/v2\/users\/11"}],"replies":[{"embeddable":true,"href":"https:\/\/www.scv-jugend.de\/index.php?rest_route=%2Fwp%2Fv2%2Fcomments&post=7149"}],"version-history":[{"count":5,"href":"https:\/\/www.scv-jugend.de\/index.php?rest_route=\/wp\/v2\/posts\/7149\/revisions"}],"predecessor-version":[{"id":7159,"href":"https:\/\/www.scv-jugend.de\/index.php?rest_route=\/wp\/v2\/posts\/7149\/revisions\/7159"}],"wp:attachment":[{"href":"https:\/\/www.scv-jugend.de\/index.php?rest_route=%2Fwp%2Fv2%2Fmedia&parent=7149"}],"wp:term":[{"taxonomy":"category","embeddable":true,"href":"https:\/\/www.scv-jugend.de\/index.php?rest_route=%2Fwp%2Fv2%2Fcategories&post=7149"},{"taxonomy":"post_tag","embeddable":true,"href":"https:\/\/www.scv-jugend.de\/index.php?rest_route=%2Fwp%2Fv2%2Ftags&post=7149"}],"curies":[{"name":"wp","href":"https:\/\/api.w.org\/{rel}","templated":true}]}}