{"id":7054,"date":"2017-06-18T17:16:42","date_gmt":"2017-06-18T15:16:42","guid":{"rendered":"http:\/\/www.scv-jugend.de\/?p=7054"},"modified":"2017-06-18T17:24:13","modified_gmt":"2017-06-18T15:24:13","slug":"fc-bayern-turnier-simultan-der-etwas-andere-turniermodus","status":"publish","type":"post","link":"https:\/\/www.scv-jugend.de\/?p=7054","title":{"rendered":"FC Bayern Turnier-Simultan &#8211; der etwas andere Turniermodus!"},"content":{"rendered":"<p>J\u00f6rg Wengler vom FC Bayern schreibt:<br \/>\nDateien hier zum Download:<br \/>\n<a href=\"http:\/\/www.scv-jugend.de\/wp-content\/uploads\/20151023-FCB-TurnierSimultan-Beschreibung.pdf\" rel=\"\">20151023-FCB-TurnierSimultan-Beschreibung<\/a><br \/>\n<a href=\"http:\/\/www.scv-jugend.de\/wp-content\/uploads\/20170623-FCB-Turnier-Simultan.pdf\" rel=\"\">20170623-FCB-Turnier-Simultan<\/a><\/p>\n<p>Liebe Schachfreunde,<\/p>\n<p>am kommenden Freitag, den 23.06.2017 veranstaltet die Abteilung Schach des FC Bayern M\u00fcnchen ihr j\u00e4hrliches Turnier-Simultan.<\/p>\n<p>Im Anhang befindet sich die komplette Ausschreibung sowie eine Turnierbeschreibung f\u00fcr dieses \u201eGaudi-Turnier\u201c, bei dem man leicht einmal ins Schwitzen kommt! Da wegen des speziellen Turnierformats und dem entsprechenden Raumbedarf die Teilnehmeranzahl auf 25 begrenzt ist, wird um<\/p>\n<p>Voranmeldung per E-Mail bis zum 22.06.2017<\/p>\n<p>gebeten. Eventuelle freie Pl\u00e4tze k\u00f6nnen vor Ort noch vergeben werden, sofern sich dadurch die Anzahl der Gruppen nicht mehr erh\u00f6ht. Spielbeginn ist um 20:00 Uhr im Anton-Fingerle-Bildungszentrum.<\/p>\n<p>Wir w\u00fcrden uns freuen, Sie zum Turnier begr\u00fc\u00dfen zu k\u00f6nnen!<\/p>\n<p>Freundliche Gr\u00fc\u00dfe!<br \/>\nJ\u00f6rg Wengler<\/p>\n<p><iframe loading=\"lazy\" style=\"border: none;\" src=\"https:\/\/rcm-eu.amazon-adsystem.com\/e\/cm?o=3&amp;p=48&amp;l=ur1&amp;category=audible&amp;banner=05RZ7CAAPGXJKXHVZX82&amp;f=ifr&amp;linkID=34246f40260e5f29b2fc7b38898092b5&amp;t=wwwscvjugendd-21&amp;tracking_id=wwwscvjugendd-21\" width=\"728\" height=\"90\" frameborder=\"0\" marginwidth=\"0\" scrolling=\"no\"><\/iframe><\/p>\n","protected":false},"excerpt":{"rendered":"<p>J\u00f6rg Wengler vom FC Bayern schreibt: Dateien hier zum Download: 20151023-FCB-TurnierSimultan-Beschreibung 20170623-FCB-Turnier-Simultan Liebe Schachfreunde, am kommenden Freitag, den 23.06.2017 veranstaltet die Abteilung Schach des FC Bayern M\u00fcnchen ihr j\u00e4hrliches Turnier-Simultan. Im Anhang befindet sich die komplette Ausschreibung sowie eine Turnierbeschreibung &#8230; <a class=\"more-link\" href=\"https:\/\/www.scv-jugend.de\/?p=7054\">Read More &raquo;<\/a><\/p>\n","protected":false},"author":11,"featured_media":0,"comment_status":"closed","ping_status":"closed","sticky":false,"template":"","format":"standard","meta":{"footnotes":""},"categories":[13],"tags":[],"class_list":["post-7054","post","type-post","status-publish","format-standard","hentry","category-23-turniere-muenchen"],"_links":{"self":[{"href":"https:\/\/www.scv-jugend.de\/index.php?rest_route=\/wp\/v2\/posts\/7054","targetHints":{"allow":["GET"]}}],"collection":[{"href":"https:\/\/www.scv-jugend.de\/index.php?rest_route=\/wp\/v2\/posts"}],"about":[{"href":"https:\/\/www.scv-jugend.de\/index.php?rest_route=\/wp\/v2\/types\/post"}],"author":[{"embeddable":true,"href":"https:\/\/www.scv-jugend.de\/index.php?rest_route=\/wp\/v2\/users\/11"}],"replies":[{"embeddable":true,"href":"https:\/\/www.scv-jugend.de\/index.php?rest_route=%2Fwp%2Fv2%2Fcomments&post=7054"}],"version-history":[{"count":2,"href":"https:\/\/www.scv-jugend.de\/index.php?rest_route=\/wp\/v2\/posts\/7054\/revisions"}],"predecessor-version":[{"id":7058,"href":"https:\/\/www.scv-jugend.de\/index.php?rest_route=\/wp\/v2\/posts\/7054\/revisions\/7058"}],"wp:attachment":[{"href":"https:\/\/www.scv-jugend.de\/index.php?rest_route=%2Fwp%2Fv2%2Fmedia&parent=7054"}],"wp:term":[{"taxonomy":"category","embeddable":true,"href":"https:\/\/www.scv-jugend.de\/index.php?rest_route=%2Fwp%2Fv2%2Fcategories&post=7054"},{"taxonomy":"post_tag","embeddable":true,"href":"https:\/\/www.scv-jugend.de\/index.php?rest_route=%2Fwp%2Fv2%2Ftags&post=7054"}],"curies":[{"name":"wp","href":"https:\/\/api.w.org\/{rel}","templated":true}]}}