{"id":7032,"date":"2017-05-30T20:41:01","date_gmt":"2017-05-30T18:41:01","guid":{"rendered":"http:\/\/www.scv-jugend.de\/?p=7032"},"modified":"2017-06-01T09:50:59","modified_gmt":"2017-06-01T07:50:59","slug":"dsj-trainingscamp-fuer-maedchen-sued-in-rothenburg-o-d-t-28-07-%e2%80%8b-01-08-2017","status":"publish","type":"post","link":"https:\/\/www.scv-jugend.de\/?p=7032","title":{"rendered":"DSJ-Trainingscamp f\u00fcr M\u00e4dchen S\u00fcd in Rothenburg o.d.T, 28.07.\u200b\u201301.08.2017"},"content":{"rendered":"<p>Melanie Lubbe schreibt:<\/p>\n<p>Liebe M\u00e4dels,<\/p>\n<p>habt Ihr Lust auf vier Tage Schach, Spa\u00df und Spiele? Wollt Ihr gemeinsam mit Gleichaltrigen Euer K\u00f6nnen im Schach verbessern und neue Freundschaften schlie\u00dfen? Und Ihr geh\u00f6rt der Altersgruppe 10\u201316 Jahre an?<\/p>\n<p>In unserem Trainingscamp f\u00fcr M\u00e4dchen erwarten Euch vielf\u00e4ltige Schach-Themen sowie ein interessantes Rahmenprogramm. In kleinen Gruppen bekommt Ihr unterhaltsame Trainingseinheiten und wertvolle Ratschl\u00e4ge von kompetenten Trainerinnen, die sich gezielt mit dem Training und der Betreuung von M\u00e4dchen besch\u00e4ftigen. Ihr m\u00f6chtet nicht alleine kommen? Umso besser: dann bringt Eure beste Freundin oder Eure M\u00e4dchenschachgruppe gleich mit!<\/p>\n<p>Wir bitten f\u00fcr die weitere Planung um eine schnelle R\u00fcckmeldung. Falls mit der An- und Abreise Probleme auftreten oder weitere Fragen offen geblieben sind, meldet Euch gerne bei der Gesch\u00e4ftsstelle.<\/p>\n<p>Ich freue mich auf Euch!<br \/>\nEure Melanie<\/p>\n<p>Rothenburg o.d.T, 28.07.\u200b\u201301.08.2017<\/p>\n<p>Kosten: 50 \u20ac<\/p>\n<p>Weitere Informationen:<br \/>\n<a href=\"https:\/\/www.deutsche-schachjugend.de\/termine\/2017\/maedchenschachcamp-2\/\">https:\/\/www.deutsche-schachjugend.de\/termine\/2017\/maedchenschachcamp-2\/<\/a><\/p>\n<p><iframe loading=\"lazy\" style=\"border: none;\" src=\"https:\/\/rcm-eu.amazon-adsystem.com\/e\/cm?o=3&amp;p=48&amp;l=ur1&amp;category=musicunlimited&amp;banner=0HMP9R1GXDE429GPPK02&amp;f=ifr&amp;linkID=dae8c3d0e62f0a29784ba84dd7cb054e&amp;t=wwwscvjugendd-21&amp;tracking_id=wwwscvjugendd-21\" width=\"728\" height=\"90\" frameborder=\"0\" marginwidth=\"0\" scrolling=\"no\"><\/iframe><\/p>\n","protected":false},"excerpt":{"rendered":"<p>Melanie Lubbe schreibt: Liebe M\u00e4dels, habt Ihr Lust auf vier Tage Schach, Spa\u00df und Spiele? Wollt Ihr gemeinsam mit Gleichaltrigen Euer K\u00f6nnen im Schach verbessern und neue Freundschaften schlie\u00dfen? Und Ihr geh\u00f6rt der Altersgruppe 10\u201316 Jahre an? In unserem Trainingscamp &#8230; <a class=\"more-link\" href=\"https:\/\/www.scv-jugend.de\/?p=7032\">Read More &raquo;<\/a><\/p>\n","protected":false},"author":11,"featured_media":0,"comment_status":"closed","ping_status":"closed","sticky":false,"template":"","format":"standard","meta":{"footnotes":""},"categories":[21,16],"tags":[],"class_list":["post-7032","post","type-post","status-publish","format-standard","hentry","category-32-scv-maedchenschach","category-26-vermischtes"],"_links":{"self":[{"href":"https:\/\/www.scv-jugend.de\/index.php?rest_route=\/wp\/v2\/posts\/7032","targetHints":{"allow":["GET"]}}],"collection":[{"href":"https:\/\/www.scv-jugend.de\/index.php?rest_route=\/wp\/v2\/posts"}],"about":[{"href":"https:\/\/www.scv-jugend.de\/index.php?rest_route=\/wp\/v2\/types\/post"}],"author":[{"embeddable":true,"href":"https:\/\/www.scv-jugend.de\/index.php?rest_route=\/wp\/v2\/users\/11"}],"replies":[{"embeddable":true,"href":"https:\/\/www.scv-jugend.de\/index.php?rest_route=%2Fwp%2Fv2%2Fcomments&post=7032"}],"version-history":[{"count":2,"href":"https:\/\/www.scv-jugend.de\/index.php?rest_route=\/wp\/v2\/posts\/7032\/revisions"}],"predecessor-version":[{"id":7034,"href":"https:\/\/www.scv-jugend.de\/index.php?rest_route=\/wp\/v2\/posts\/7032\/revisions\/7034"}],"wp:attachment":[{"href":"https:\/\/www.scv-jugend.de\/index.php?rest_route=%2Fwp%2Fv2%2Fmedia&parent=7032"}],"wp:term":[{"taxonomy":"category","embeddable":true,"href":"https:\/\/www.scv-jugend.de\/index.php?rest_route=%2Fwp%2Fv2%2Fcategories&post=7032"},{"taxonomy":"post_tag","embeddable":true,"href":"https:\/\/www.scv-jugend.de\/index.php?rest_route=%2Fwp%2Fv2%2Ftags&post=7032"}],"curies":[{"name":"wp","href":"https:\/\/api.w.org\/{rel}","templated":true}]}}