{"id":6519,"date":"2017-01-09T21:48:17","date_gmt":"2017-01-09T19:48:17","guid":{"rendered":"http:\/\/www.scv-jugend.de\/?p=6519"},"modified":"2017-01-09T21:48:17","modified_gmt":"2017-01-09T19:48:17","slug":"einladung-zur-mitgliederversammlung-am-3-maerz-2017","status":"publish","type":"post","link":"https:\/\/www.scv-jugend.de\/?p=6519","title":{"rendered":"Einladung zur Mitgliederversammlung am 3. M\u00e4rz 2017"},"content":{"rendered":"<p>Vaterstetten, 08.01.2017<\/p>\n<p>Hiermit lade ich Sie im Namen der Vorstandschaft zur ordentlichen Mitgliederversammlung des SC Vaterstetten-Grasbrunn e. V. am Freitag, 3. M\u00e4rz 2017 in den Pfarrsaal Neukeferloh, Saarlandstra\u00dfe 10. Der Beginn ist um 19.30 Uhr.<\/p>\n<p>Tagesordnung<\/p>\n<p>1. Begr\u00fc\u00dfung und Feststellung der ordnungsgem\u00e4\u00dfen Einladung<br \/>\n2. Beschlussfassung \u00fcber die Tagesordnung<br \/>\n3. Bericht des Vorstandes<br \/>\n4. Bericht des Turnierleiters<br \/>\n5. Bericht des Jugendleiters<br \/>\n6. Bericht des Materialwartes<br \/>\n7. Bericht des Kassiers<br \/>\n8. Bericht \u00fcber die Kassenpr\u00fcfung<br \/>\n9. Entlastung des Vorstandes<br \/>\n10. Einsetzen des Wahlleiters<br \/>\n11. Beschlussfassung \u00fcber die Mitgliedsbeitr\u00e4ge 2017<br \/>\nDer Vorstand schl\u00e4gt vor, die Mitgliedsbeitr\u00e4ge wie folgt anzupassen:<br \/>\nKinder bis 14 Jahren (Geburtsjahr 2003 und j\u00fcnger): 29 \u20ac (bisher 9 \u20ac)<br \/>\nJugendliche bis 20 Jahre (Geburtsjahre 2002 bis 1997): 29 \u20ac (bisher 18 \u20ac)<br \/>\nErwachsene (ab Geburtsjahr 1996 und \u00e4lter): 49 \u20ac (bisher 36 \u20ac)<br \/>\nPassive Mitglieder: 39 \u20ac (bisher 20 \u20ac)<br \/>\nFamilienmitgliedschaft: 99 \u20ac (bisher nicht angeboten)<br \/>\n12. Neuwahlen von Vorstand, Vereinsausschuss und Kassenpr\u00fcfer<br \/>\n13. Sonstiges<br \/>\nMit freundlichen Gr\u00fc\u00dfen<br \/>\nMoritz Heimb\u00e4cher<br \/>\nIrisstr. 26<br \/>\n85591 Vaterstetten<br \/>\nE-Mail: vorstand@scv-jugend.de<br \/>\nwww.scv-jugend.de<\/p>\n<p>Download als PDF:\u00a0<a href=\"http:\/\/www.scv-jugend.de\/wp-content\/uploads\/Einladung-JHV2017.pdf\" rel=\"\">Einladung-JHV2017<\/a><\/p>\n","protected":false},"excerpt":{"rendered":"<p>Vaterstetten, 08.01.2017 Hiermit lade ich Sie im Namen der Vorstandschaft zur ordentlichen Mitgliederversammlung des SC Vaterstetten-Grasbrunn e. V. am Freitag, 3. M\u00e4rz 2017 in den Pfarrsaal Neukeferloh, Saarlandstra\u00dfe 10. Der Beginn ist um 19.30 Uhr. Tagesordnung 1. Begr\u00fc\u00dfung und Feststellung &#8230; <a class=\"more-link\" href=\"https:\/\/www.scv-jugend.de\/?p=6519\">Read More &raquo;<\/a><\/p>\n","protected":false},"author":11,"featured_media":0,"comment_status":"closed","ping_status":"closed","sticky":false,"template":"","format":"standard","meta":{"footnotes":""},"categories":[15],"tags":[],"class_list":["post-6519","post","type-post","status-publish","format-standard","hentry","category-25-veranstaltungen-ehrungen"],"_links":{"self":[{"href":"https:\/\/www.scv-jugend.de\/index.php?rest_route=\/wp\/v2\/posts\/6519","targetHints":{"allow":["GET"]}}],"collection":[{"href":"https:\/\/www.scv-jugend.de\/index.php?rest_route=\/wp\/v2\/posts"}],"about":[{"href":"https:\/\/www.scv-jugend.de\/index.php?rest_route=\/wp\/v2\/types\/post"}],"author":[{"embeddable":true,"href":"https:\/\/www.scv-jugend.de\/index.php?rest_route=\/wp\/v2\/users\/11"}],"replies":[{"embeddable":true,"href":"https:\/\/www.scv-jugend.de\/index.php?rest_route=%2Fwp%2Fv2%2Fcomments&post=6519"}],"version-history":[{"count":2,"href":"https:\/\/www.scv-jugend.de\/index.php?rest_route=\/wp\/v2\/posts\/6519\/revisions"}],"predecessor-version":[{"id":6564,"href":"https:\/\/www.scv-jugend.de\/index.php?rest_route=\/wp\/v2\/posts\/6519\/revisions\/6564"}],"wp:attachment":[{"href":"https:\/\/www.scv-jugend.de\/index.php?rest_route=%2Fwp%2Fv2%2Fmedia&parent=6519"}],"wp:term":[{"taxonomy":"category","embeddable":true,"href":"https:\/\/www.scv-jugend.de\/index.php?rest_route=%2Fwp%2Fv2%2Fcategories&post=6519"},{"taxonomy":"post_tag","embeddable":true,"href":"https:\/\/www.scv-jugend.de\/index.php?rest_route=%2Fwp%2Fv2%2Ftags&post=6519"}],"curies":[{"name":"wp","href":"https:\/\/api.w.org\/{rel}","templated":true}]}}