{"id":6500,"date":"2017-01-05T11:30:15","date_gmt":"2017-01-05T09:30:15","guid":{"rendered":"http:\/\/www.scv-jugend.de\/?p=6500"},"modified":"2017-01-05T12:47:53","modified_gmt":"2017-01-05T10:47:53","slug":"magnus-carlsen-der-mozart-des-schachs-ab-31-03-auf-dvd-verfuegbar","status":"publish","type":"post","link":"https:\/\/www.scv-jugend.de\/?p=6500","title":{"rendered":"Magnus Carlsen &#8211; Der Mozart des Schachs &#8211; ab 31.03. auf DVD verf\u00fcgbar"},"content":{"rendered":"<p>F\u00fcr alle, die den Film im Kino (lief leider nur sehr kurz) verpasst haben: Ab 31.03.2017 ist der Film auf DVD verf\u00fcgbar:<\/p>\n<p><iframe loading=\"lazy\" style=\"width: 120px; height: 240px;\" src=\"\/\/ws-eu.amazon-adsystem.com\/widgets\/q?ServiceVersion=20070822&amp;OneJS=1&amp;Operation=GetAdHtml&amp;MarketPlace=DE&amp;source=ac&amp;ref=tf_til&amp;ad_type=product_link&amp;tracking_id=wwwscvjugendd-21&amp;marketplace=amazon&amp;region=DE&amp;placement=B01MFDFDXN&amp;asins=B01MFDFDXN&amp;linkId=&amp;show_border=true&amp;link_opens_in_new_window=true\" width=\"300\" height=\"150\" frameborder=\"0\" marginwidth=\"0\" marginheight=\"0\" scrolling=\"no\"><br \/>\n<\/iframe><\/p>\n","protected":false},"excerpt":{"rendered":"<p>F\u00fcr alle, die den Film im Kino (lief leider nur sehr kurz) verpasst haben: Ab 31.03.2017 ist der Film auf DVD verf\u00fcgbar:<\/p>\n","protected":false},"author":11,"featured_media":0,"comment_status":"closed","ping_status":"closed","sticky":false,"template":"","format":"standard","meta":{"footnotes":""},"categories":[],"tags":[],"class_list":["post-6500","post","type-post","status-publish","format-standard","hentry"],"_links":{"self":[{"href":"https:\/\/www.scv-jugend.de\/index.php?rest_route=\/wp\/v2\/posts\/6500","targetHints":{"allow":["GET"]}}],"collection":[{"href":"https:\/\/www.scv-jugend.de\/index.php?rest_route=\/wp\/v2\/posts"}],"about":[{"href":"https:\/\/www.scv-jugend.de\/index.php?rest_route=\/wp\/v2\/types\/post"}],"author":[{"embeddable":true,"href":"https:\/\/www.scv-jugend.de\/index.php?rest_route=\/wp\/v2\/users\/11"}],"replies":[{"embeddable":true,"href":"https:\/\/www.scv-jugend.de\/index.php?rest_route=%2Fwp%2Fv2%2Fcomments&post=6500"}],"version-history":[{"count":5,"href":"https:\/\/www.scv-jugend.de\/index.php?rest_route=\/wp\/v2\/posts\/6500\/revisions"}],"predecessor-version":[{"id":6516,"href":"https:\/\/www.scv-jugend.de\/index.php?rest_route=\/wp\/v2\/posts\/6500\/revisions\/6516"}],"wp:attachment":[{"href":"https:\/\/www.scv-jugend.de\/index.php?rest_route=%2Fwp%2Fv2%2Fmedia&parent=6500"}],"wp:term":[{"taxonomy":"category","embeddable":true,"href":"https:\/\/www.scv-jugend.de\/index.php?rest_route=%2Fwp%2Fv2%2Fcategories&post=6500"},{"taxonomy":"post_tag","embeddable":true,"href":"https:\/\/www.scv-jugend.de\/index.php?rest_route=%2Fwp%2Fv2%2Ftags&post=6500"}],"curies":[{"name":"wp","href":"https:\/\/api.w.org\/{rel}","templated":true}]}}