{"id":63,"date":"2007-12-08T15:10:37","date_gmt":"2007-12-08T15:10:37","guid":{"rendered":"http:\/\/wordpress.cylusion.local\/?p=63"},"modified":"2007-12-08T15:10:37","modified_gmt":"2007-12-08T15:10:37","slug":"sc-vaterstetten-ist-muenchner-u14-mannschaftsmeister","status":"publish","type":"post","link":"https:\/\/www.scv-jugend.de\/?p=63","title":{"rendered":"SC Vaterstetten ist M\u00fcnchner U14-Mannschaftsmeister"},"content":{"rendered":"<p><img decoding=\"async\" src=\"scv_images\/portraits\/2007_borchert_fi_2.jpg\"><img decoding=\"async\" src=\"scv_images\/portraits\/2007_arndt_d.jpg\"><img decoding=\"async\" src=\"scv_images\/portraits\/2007_nitschehahn_r_2.jpg\"><img decoding=\"async\" src=\"scv_images\/portraits\/2007_nitschehahn_m_2.jpg\"><\/p>\n<p>Der SC Vaterstetten wurde wie schon im letzten Jahr &#8211; in der Aufstellung Finn Borchert, Dominik Arndt, Raphael Nitsche-Hahn und Maxim Nitsche-Hahn &#8211; souver\u00e4ner U14 Mannschaftsmeister im Bezirk M\u00fcnchen. Zweiter wurde Schwabing, dritter S\u00fcdost. Mehr Mannschaften nahmen leider nicht teil. S\u00fcdost trat \u00fcberdies ohne ihren Spitzenspieler Dominik Collmer an und musste dann sogar Brett 4 frei lassen. Schwabing musste auf die Topleute Maxim Frenkel und Alexander Franke verzichten. So wurde es unserer Mannschaft leicht gemacht. Trotzdem gab es zwei \u00dcberraschungen:<\/p>\n<p>Erstens: Eine tolle Idee hatte Herr Weber, der den drei Mannschaften einen selbst erfundenen Spielmodus vorschlug, der dazu f\u00fchrte, dass alle Spieler 3 Partien spielen durften, obwohl es nur zwei Gegnermannschaften gab. Bei gleicher Turnierl\u00e4nge gab es also keine l\u00e4stigen Wartezeiten und Freirunden mehr. Im Gesamtergebnis wurden dann nur die Brettpunkte gez\u00e4hlt. Vaterstetten holte 10 von 12 m\u00f6glichen Brettpunkten, gefolgt von Schwabing mit 5 und S\u00fcdost mit 3 Punkten. Je 3 Siege konnten Finn, Maxim und Raphael aufweisen.<br \/>\nDominik verlor gegen die \u00fcberraschend stark auftrumpfende Lyubov Yelina aus Schwabing, die vorher auch schon Sebastian Franz von S\u00fcdost schlagen konnte und auch gegen Finn eine Figur h\u00e4tte gewinnen k\u00f6nnen und also auch da einem Sieg nahe gewesen war. Sie also die zweite \u00dcberraschung und die Spielerin des Tages.<\/p>\n<p>Hier die genauen <a href=\"\/scv_docs\/mm_u14_07_08.pdf\">Ergebnisse als pdf<\/a><\/p>\n","protected":false},"excerpt":{"rendered":"<p>Der SC Vaterstetten wurde wie schon im letzten Jahr &#8211; in der Aufstellung Finn Borchert, Dominik Arndt, Raphael Nitsche-Hahn und Maxim Nitsche-Hahn &#8211; souver\u00e4ner U14 Mannschaftsmeister im Bezirk M\u00fcnchen. Zweiter wurde Schwabing, dritter S\u00fcdost. Mehr Mannschaften nahmen leider nicht teil. &#8230; <a class=\"more-link\" href=\"https:\/\/www.scv-jugend.de\/?p=63\">Read More &raquo;<\/a><\/p>\n","protected":false},"author":1,"featured_media":0,"comment_status":"open","ping_status":"closed","sticky":false,"template":"","format":"standard","meta":{"footnotes":""},"categories":[13],"tags":[],"class_list":["post-63","post","type-post","status-publish","format-standard","hentry","category-23-turniere-muenchen"],"_links":{"self":[{"href":"https:\/\/www.scv-jugend.de\/index.php?rest_route=\/wp\/v2\/posts\/63","targetHints":{"allow":["GET"]}}],"collection":[{"href":"https:\/\/www.scv-jugend.de\/index.php?rest_route=\/wp\/v2\/posts"}],"about":[{"href":"https:\/\/www.scv-jugend.de\/index.php?rest_route=\/wp\/v2\/types\/post"}],"author":[{"embeddable":true,"href":"https:\/\/www.scv-jugend.de\/index.php?rest_route=\/wp\/v2\/users\/1"}],"replies":[{"embeddable":true,"href":"https:\/\/www.scv-jugend.de\/index.php?rest_route=%2Fwp%2Fv2%2Fcomments&post=63"}],"version-history":[{"count":0,"href":"https:\/\/www.scv-jugend.de\/index.php?rest_route=\/wp\/v2\/posts\/63\/revisions"}],"wp:attachment":[{"href":"https:\/\/www.scv-jugend.de\/index.php?rest_route=%2Fwp%2Fv2%2Fmedia&parent=63"}],"wp:term":[{"taxonomy":"category","embeddable":true,"href":"https:\/\/www.scv-jugend.de\/index.php?rest_route=%2Fwp%2Fv2%2Fcategories&post=63"},{"taxonomy":"post_tag","embeddable":true,"href":"https:\/\/www.scv-jugend.de\/index.php?rest_route=%2Fwp%2Fv2%2Ftags&post=63"}],"curies":[{"name":"wp","href":"https:\/\/api.w.org\/{rel}","templated":true}]}}