{"id":6162,"date":"2016-11-14T07:27:58","date_gmt":"2016-11-14T05:27:58","guid":{"rendered":"http:\/\/www.scv-jugend.de\/?p=6162"},"modified":"2016-11-14T07:28:10","modified_gmt":"2016-11-14T05:28:10","slug":"donnerstag-turnier-beim-fc-bayern","status":"publish","type":"post","link":"https:\/\/www.scv-jugend.de\/?p=6162","title":{"rendered":"Donnerstag: Turnier beim FC Bayern"},"content":{"rendered":"<p><em>Liebe Schachfreunde,<\/em><\/p>\n<p>im Rahmen der diesj\u00e4hrigen M\u00fcnchener Schnellschach-Kombination veranstaltet die Abteilung Schach des FC Bayern M\u00fcnchen am kommenden <b>Donnerstag<\/b>, den 17.11.2017 den<\/p>\n<p>FC Bayern Grand Prix<\/p>\n<p>im Anton-Fingerle-Bildungszentrum (Schlierseestra\u00dfe 47 in Giesing). Meldeschluss ist\u00a0<b>bereits um 19:15 Uhr\u00a0<\/b>im Spiellokal. Die detaillierte Ausschreibung befindet sich wie \u00fcblich im Internet unter<\/p>\n<div><\/div>\n<div><a target=\"_blank\">http:\/\/www.fcbayern-schach.de\/files\/01_Ausschreibungen\/2016\/20161117-MSSK-FCB-Grand-Prix.pdf<\/a><\/div>\n<div><\/div>\n<div>\n<p>Wir w\u00fcrden uns freuen, Sie zum Turnier begr\u00fc\u00dfen zu k\u00f6nnen!<\/p>\n<p>Freundliche Gr\u00fc\u00dfe!<\/p>\n<p>J\u00f6rg Wengler<br \/>\nFC Bayern M\u00fcnchen e.V. &#8211; Abteilung Schach<\/p>\n<\/div>\n","protected":false},"excerpt":{"rendered":"<p>Liebe Schachfreunde, im Rahmen der diesj\u00e4hrigen M\u00fcnchener Schnellschach-Kombination veranstaltet die Abteilung Schach des FC Bayern M\u00fcnchen am kommenden Donnerstag, den 17.11.2017 den FC Bayern Grand Prix im Anton-Fingerle-Bildungszentrum (Schlierseestra\u00dfe 47 in Giesing). Meldeschluss ist\u00a0bereits um 19:15 Uhr\u00a0im Spiellokal. Die detaillierte &#8230; <a class=\"more-link\" href=\"https:\/\/www.scv-jugend.de\/?p=6162\">Read More &raquo;<\/a><\/p>\n","protected":false},"author":1,"featured_media":0,"comment_status":"closed","ping_status":"closed","sticky":false,"template":"","format":"standard","meta":{"footnotes":""},"categories":[],"tags":[],"class_list":["post-6162","post","type-post","status-publish","format-standard","hentry"],"_links":{"self":[{"href":"https:\/\/www.scv-jugend.de\/index.php?rest_route=\/wp\/v2\/posts\/6162","targetHints":{"allow":["GET"]}}],"collection":[{"href":"https:\/\/www.scv-jugend.de\/index.php?rest_route=\/wp\/v2\/posts"}],"about":[{"href":"https:\/\/www.scv-jugend.de\/index.php?rest_route=\/wp\/v2\/types\/post"}],"author":[{"embeddable":true,"href":"https:\/\/www.scv-jugend.de\/index.php?rest_route=\/wp\/v2\/users\/1"}],"replies":[{"embeddable":true,"href":"https:\/\/www.scv-jugend.de\/index.php?rest_route=%2Fwp%2Fv2%2Fcomments&post=6162"}],"version-history":[{"count":2,"href":"https:\/\/www.scv-jugend.de\/index.php?rest_route=\/wp\/v2\/posts\/6162\/revisions"}],"predecessor-version":[{"id":6164,"href":"https:\/\/www.scv-jugend.de\/index.php?rest_route=\/wp\/v2\/posts\/6162\/revisions\/6164"}],"wp:attachment":[{"href":"https:\/\/www.scv-jugend.de\/index.php?rest_route=%2Fwp%2Fv2%2Fmedia&parent=6162"}],"wp:term":[{"taxonomy":"category","embeddable":true,"href":"https:\/\/www.scv-jugend.de\/index.php?rest_route=%2Fwp%2Fv2%2Fcategories&post=6162"},{"taxonomy":"post_tag","embeddable":true,"href":"https:\/\/www.scv-jugend.de\/index.php?rest_route=%2Fwp%2Fv2%2Ftags&post=6162"}],"curies":[{"name":"wp","href":"https:\/\/api.w.org\/{rel}","templated":true}]}}