{"id":6118,"date":"2016-11-10T17:54:12","date_gmt":"2016-11-10T15:54:12","guid":{"rendered":"http:\/\/www.scv-jugend.de\/?p=6118"},"modified":"2016-11-10T17:54:18","modified_gmt":"2016-11-10T15:54:18","slug":"workshop-ueber-das-miesbacher-schulschachprojekt-wollen-sie-bei-sich-in-der-gegend-das-schulschach-jugendschach-und-vereinsschach-nach-vorne-bringen","status":"publish","type":"post","link":"https:\/\/www.scv-jugend.de\/?p=6118","title":{"rendered":"Workshop \u00fcber das Miesbacher Schulschachprojekt &#8211; wollen Sie bei sich in der Gegend das Schulschach, Jugendschach-  und Vereinsschach nach vorne bringen?"},"content":{"rendered":"<p>Workshop mit Horst Leckner \u00fcber das Miesbacher Schulschachprojekt: Wollen sie in ihrem Landkreis das Schul-, Jugend- und Vereinsschach nach vorne bringen?<\/p>\n<p>Vor einigen Jahren stand es um das Schach im Landkreis Miesbach nicht so gut bestellt. Der damalige Vorsitzende des Schachclubs gab sich mit dem Status quo nicht zufrieden und erstellte sein Konzept f\u00fcr das Miesbacher Schulschachprojekt. Sechs Jahre sp\u00e4ter spielen fast 700 Kinder in Schulen Schach, Tegernseer Schulkinder waren oftmals bei Deutschen Meisterschaften vertreten und landeten dort auf dem Treppchen, Svenja Butenandt gewann die Deutsche M\u00e4dchenmeisterschaft U10 mit 11 Punkten aus 11 Runden und spielte eine gute Weltmeisterschaft. 140 Kinder sind jetzt Mitglied im Schachclub Tegernsee. Das Projekt gilt national und international als Vorzeigemodell. Mit den Trainern GM Michael Prusikin, IM Roman Vidonyak und IM Maria Manakova verf\u00fcgen die Miesbacher \u00fcber gro\u00dfartige Trainer.<\/p>\n<p>Der Vorsitzende Horst Leckner freut sich \u00fcber die positive Entwicklung und ist felsenfest davon \u00fcberzeugt, dass dieses Modell auf jeden Landkreis in der Bundesrepublik \u00fcbertragbar. \u201eDie Finanzen sind bei dem Projekt das kleines Problem\u201c, sagt der ehemalige Aufsichtsratsvorsitzende der Sparkasse Miesbach. Sein Traum w\u00e4re, dass Vereine oder Landkreise das Modell kopieren oder ver\u00e4ndert adaptieren und somit das Schul-, Kinder- und Jugend- und das Vereinsschach in ihrer Gegend f\u00f6rdern.<\/p>\n<p>Besonders freut ihn die gute Resonanz der Eltern der Schulkinder, die dem Spiel der K\u00f6nige einen sehr positiven Einfluss auf ihre Kinder zusprechen.<\/p>\n<p>F\u00fcr den Workshop wird keine Schachkenntnis vorausgesetzt, keine Funktion in einem Schachclub, aber eine gewisse Organisationsgabe ist von Vorteil.<\/p>\n<p>2017 wird ein eint\u00e4giger Workshop mit Horst Leckner \u00fcber sein Miesbacher Modell angeboten, bei dem Horst Leckner darlegt, worauf man bei der Organisation und der Planung eines solchen Projekts R\u00fccksicht nehmen soll.<\/p>\n<p>Interessierte k\u00f6nnen sich schon jetzt bei Walter R\u00e4dler (wraedler@aol.com) anmelden, damit man bei der Terminauswahl auf sie R\u00fccksicht nehmen kann.<\/p>\n","protected":false},"excerpt":{"rendered":"<p>Workshop mit Horst Leckner \u00fcber das Miesbacher Schulschachprojekt: Wollen sie in ihrem Landkreis das Schul-, Jugend- und Vereinsschach nach vorne bringen? Vor einigen Jahren stand es um das Schach im Landkreis Miesbach nicht so gut bestellt. Der damalige Vorsitzende des &#8230; <a class=\"more-link\" href=\"https:\/\/www.scv-jugend.de\/?p=6118\">Read More &raquo;<\/a><\/p>\n","protected":false},"author":1,"featured_media":0,"comment_status":"closed","ping_status":"closed","sticky":false,"template":"","format":"standard","meta":{"footnotes":""},"categories":[],"tags":[],"class_list":["post-6118","post","type-post","status-publish","format-standard","hentry"],"_links":{"self":[{"href":"https:\/\/www.scv-jugend.de\/index.php?rest_route=\/wp\/v2\/posts\/6118","targetHints":{"allow":["GET"]}}],"collection":[{"href":"https:\/\/www.scv-jugend.de\/index.php?rest_route=\/wp\/v2\/posts"}],"about":[{"href":"https:\/\/www.scv-jugend.de\/index.php?rest_route=\/wp\/v2\/types\/post"}],"author":[{"embeddable":true,"href":"https:\/\/www.scv-jugend.de\/index.php?rest_route=\/wp\/v2\/users\/1"}],"replies":[{"embeddable":true,"href":"https:\/\/www.scv-jugend.de\/index.php?rest_route=%2Fwp%2Fv2%2Fcomments&post=6118"}],"version-history":[{"count":1,"href":"https:\/\/www.scv-jugend.de\/index.php?rest_route=\/wp\/v2\/posts\/6118\/revisions"}],"predecessor-version":[{"id":6119,"href":"https:\/\/www.scv-jugend.de\/index.php?rest_route=\/wp\/v2\/posts\/6118\/revisions\/6119"}],"wp:attachment":[{"href":"https:\/\/www.scv-jugend.de\/index.php?rest_route=%2Fwp%2Fv2%2Fmedia&parent=6118"}],"wp:term":[{"taxonomy":"category","embeddable":true,"href":"https:\/\/www.scv-jugend.de\/index.php?rest_route=%2Fwp%2Fv2%2Fcategories&post=6118"},{"taxonomy":"post_tag","embeddable":true,"href":"https:\/\/www.scv-jugend.de\/index.php?rest_route=%2Fwp%2Fv2%2Ftags&post=6118"}],"curies":[{"name":"wp","href":"https:\/\/api.w.org\/{rel}","templated":true}]}}