{"id":5962,"date":"2016-11-07T22:13:22","date_gmt":"2016-11-07T20:13:22","guid":{"rendered":"http:\/\/www.scv-jugend.de\/?p=5962"},"modified":"2016-11-07T22:46:20","modified_gmt":"2016-11-07T20:46:20","slug":"schachtrainer-gesucht","status":"publish","type":"post","link":"https:\/\/www.scv-jugend.de\/?p=5962","title":{"rendered":"Schachtrainer gesucht"},"content":{"rendered":"<p>Liebe Schachfreunde,<\/p>\n<p>der SC Vaterstetten-Grasbrunn sucht ab sofort Verst\u00e4rkung f\u00fcr sein Trainerteam. Gesucht werden Trainer f\u00fcr das Kleingruppen-Training (4 bis 6 Kinder) von Kindern vom Vorschulalter bis ca. 12 Jahre, die Spielst\u00e4rke der zu trainierenden Kinder variiert von Anf\u00e4nger bis ca. DWZ 1.000.<\/p>\n<p>Wer hat eine Spielst\u00e4rke von ca. 1.200 DWZ aufw\u00e4rts und am Montag (16 bis 19 Uhr, GSD Seniorenwohnpark Vaterstetten) oder Freitag (16.15 bis 19.00 Uhr, Pfarrsaal Neukeferloh) Zeit und Lust den Kindern Training zu geben? Eine Verg\u00fctung \/ Aufwandsentsch\u00e4digung ist m\u00f6glich.<\/p>\n<p>Interessenten wenden sich bitte an Ingrid Schackmann, Moritz Heimb\u00e4cher und Matthias Schmitt: vorstand@scv-jugend.de<\/p>\n","protected":false},"excerpt":{"rendered":"<p>Liebe Schachfreunde, der SC Vaterstetten-Grasbrunn sucht ab sofort Verst\u00e4rkung f\u00fcr sein Trainerteam. Gesucht werden Trainer f\u00fcr das Kleingruppen-Training (4 bis 6 Kinder) von Kindern vom Vorschulalter bis ca. 12 Jahre, die Spielst\u00e4rke der zu trainierenden Kinder variiert von Anf\u00e4nger bis &#8230; <a class=\"more-link\" href=\"https:\/\/www.scv-jugend.de\/?p=5962\">Read More &raquo;<\/a><\/p>\n","protected":false},"author":11,"featured_media":0,"comment_status":"closed","ping_status":"closed","sticky":false,"template":"","format":"standard","meta":{"footnotes":""},"categories":[30],"tags":[],"class_list":["post-5962","post","type-post","status-publish","format-standard","hentry","category-training"],"_links":{"self":[{"href":"https:\/\/www.scv-jugend.de\/index.php?rest_route=\/wp\/v2\/posts\/5962","targetHints":{"allow":["GET"]}}],"collection":[{"href":"https:\/\/www.scv-jugend.de\/index.php?rest_route=\/wp\/v2\/posts"}],"about":[{"href":"https:\/\/www.scv-jugend.de\/index.php?rest_route=\/wp\/v2\/types\/post"}],"author":[{"embeddable":true,"href":"https:\/\/www.scv-jugend.de\/index.php?rest_route=\/wp\/v2\/users\/11"}],"replies":[{"embeddable":true,"href":"https:\/\/www.scv-jugend.de\/index.php?rest_route=%2Fwp%2Fv2%2Fcomments&post=5962"}],"version-history":[{"count":2,"href":"https:\/\/www.scv-jugend.de\/index.php?rest_route=\/wp\/v2\/posts\/5962\/revisions"}],"predecessor-version":[{"id":5965,"href":"https:\/\/www.scv-jugend.de\/index.php?rest_route=\/wp\/v2\/posts\/5962\/revisions\/5965"}],"wp:attachment":[{"href":"https:\/\/www.scv-jugend.de\/index.php?rest_route=%2Fwp%2Fv2%2Fmedia&parent=5962"}],"wp:term":[{"taxonomy":"category","embeddable":true,"href":"https:\/\/www.scv-jugend.de\/index.php?rest_route=%2Fwp%2Fv2%2Fcategories&post=5962"},{"taxonomy":"post_tag","embeddable":true,"href":"https:\/\/www.scv-jugend.de\/index.php?rest_route=%2Fwp%2Fv2%2Ftags&post=5962"}],"curies":[{"name":"wp","href":"https:\/\/api.w.org\/{rel}","templated":true}]}}