{"id":5893,"date":"2016-10-05T07:19:29","date_gmt":"2016-10-05T05:19:29","guid":{"rendered":"http:\/\/www.scv-jugend.de\/?p=5893"},"modified":"2016-10-05T07:19:29","modified_gmt":"2016-10-05T05:19:29","slug":"trainingsabendfuer-einsteiger-und-fortgeschrittene-beim-fc-bayern-abgelehntes-damengambit","status":"publish","type":"post","link":"https:\/\/www.scv-jugend.de\/?p=5893","title":{"rendered":"Trainingsabendf\u00fcr Einsteiger und Fortgeschrittene beim FC Bayern: Abgelehntes Damengambit"},"content":{"rendered":"<p>Liebe Schachfreunde,<\/p>\n<div><\/div>\n<div>die Schachabteilung des FC Bayern M\u00fcnchen bietet in diesem Jahr eine Reihe von Trainingsabenden f\u00fcr Einsteiger und Fortgeschrittene an, die f\u00fcr Mitglieder und G\u00e4ste offen sind. Im Rahmen dieser Reihe findet am kommenden<\/div>\n<div><\/div>\n<div>Montag, den 10.10.2016 um 20:00 Uhr in unserem NEUEN MONTAGS-SPIELLOKAL<\/div>\n<div><\/div>\n<div>MEHLFELDs Restaurant &amp; Kulturb\u00fchne<br \/>\nGuardinistr. 98a<br \/>\n81375 M\u00fcnchen<br \/>\nMVV: U6 Haderner Stern<br \/>\nAuto: Kostenfreie Parkpl\u00e4tze am Stiftsbogen 53\u201355<\/div>\n<div><\/div>\n<div>ein Trainingsabend zum Thema<\/div>\n<div><\/div>\n<div>&#8222;Abgelehntes Damengambit &#8211; Teil 2&#8220;<\/div>\n<div><\/div>\n<div>statt. Referent ist J\u00f6rg Wengler. Alle Interessenten sind herzlich eingeladen!<\/div>\n<div><\/div>\n","protected":false},"excerpt":{"rendered":"<p>Liebe Schachfreunde, die Schachabteilung des FC Bayern M\u00fcnchen bietet in diesem Jahr eine Reihe von Trainingsabenden f\u00fcr Einsteiger und Fortgeschrittene an, die f\u00fcr Mitglieder und G\u00e4ste offen sind. Im Rahmen dieser Reihe findet am kommenden Montag, den 10.10.2016 um 20:00 &#8230; <a class=\"more-link\" href=\"https:\/\/www.scv-jugend.de\/?p=5893\">Read More &raquo;<\/a><\/p>\n","protected":false},"author":1,"featured_media":0,"comment_status":"closed","ping_status":"closed","sticky":false,"template":"","format":"standard","meta":{"footnotes":""},"categories":[],"tags":[],"class_list":["post-5893","post","type-post","status-publish","format-standard","hentry"],"_links":{"self":[{"href":"https:\/\/www.scv-jugend.de\/index.php?rest_route=\/wp\/v2\/posts\/5893","targetHints":{"allow":["GET"]}}],"collection":[{"href":"https:\/\/www.scv-jugend.de\/index.php?rest_route=\/wp\/v2\/posts"}],"about":[{"href":"https:\/\/www.scv-jugend.de\/index.php?rest_route=\/wp\/v2\/types\/post"}],"author":[{"embeddable":true,"href":"https:\/\/www.scv-jugend.de\/index.php?rest_route=\/wp\/v2\/users\/1"}],"replies":[{"embeddable":true,"href":"https:\/\/www.scv-jugend.de\/index.php?rest_route=%2Fwp%2Fv2%2Fcomments&post=5893"}],"version-history":[{"count":1,"href":"https:\/\/www.scv-jugend.de\/index.php?rest_route=\/wp\/v2\/posts\/5893\/revisions"}],"predecessor-version":[{"id":5894,"href":"https:\/\/www.scv-jugend.de\/index.php?rest_route=\/wp\/v2\/posts\/5893\/revisions\/5894"}],"wp:attachment":[{"href":"https:\/\/www.scv-jugend.de\/index.php?rest_route=%2Fwp%2Fv2%2Fmedia&parent=5893"}],"wp:term":[{"taxonomy":"category","embeddable":true,"href":"https:\/\/www.scv-jugend.de\/index.php?rest_route=%2Fwp%2Fv2%2Fcategories&post=5893"},{"taxonomy":"post_tag","embeddable":true,"href":"https:\/\/www.scv-jugend.de\/index.php?rest_route=%2Fwp%2Fv2%2Ftags&post=5893"}],"curies":[{"name":"wp","href":"https:\/\/api.w.org\/{rel}","templated":true}]}}