{"id":5829,"date":"2016-09-26T10:33:28","date_gmt":"2016-09-26T08:33:28","guid":{"rendered":"http:\/\/www.scv-jugend.de\/?p=5829"},"modified":"2016-09-26T18:21:06","modified_gmt":"2016-09-26T16:21:06","slug":"3-titel-fuer-den-scvg-beim-6-chessimo-turnier","status":"publish","type":"post","link":"https:\/\/www.scv-jugend.de\/?p=5829","title":{"rendered":"3 Titel f\u00fcr den SCVG beim 6. Chessimo-Turnier"},"content":{"rendered":"<p>Bei traumhaftem Wetter fand gestern das 6. Chessimo Turnier im Gymnasium Vaterstetten statt. Insgesamt 101 Teilnehmer gingen in den Altersklassen U8, U10 und U12 sowie in 12 Amateur-Gruppen an den Start. Mit dabei waren auch 14 Teilnehmer des SC Vaterstetten-Grasbrunn. Und das Ergebnis kann sich sehen lassen: Jakob Karpen, der erstmals in der U10 antrat, lie\u00df seinen Gegnern keine Chance. Er gewann die U10 mit grandiosen 5\/5. Lea R\u00f6ll h\u00e4tte dieses Kunstst\u00fcck beinahe in der U12 fertig gebracht. Sie gewann den Wettbewerb mit 4,5\/5 und gab dabei nur einen halben Punkt gegen Katja Frowein ab. Ralf Eisl wurde hier nur wegen der Feinwertung hervorragender Vierter. Spannend bis zur letzten Sekunde blieb es in der Gruppe 9 des Amateur-Pokals. Xenia Schmitt siegte zun\u00e4chst gegen Ricarda Heuser aus Garching, verlor dann aber die zweite Runde gegen Stefans Kasims, bevor sie dann in der letzten Runde gegen Ruben Andrade gewann. Da Stefans Ricarda Patt setzte, bedeutete dies den Gruppensieg f\u00fcr Xenia und damit den dritten Pokal f\u00fcr den SC Vaterstetten-Grasbrunn. Bemerkenswert war auch das Ergebnis von Clemens Lerchl. Er hatte in den Vorwoche seine Gruppe in Ingolstadt mit 3\/3 gewonnen und einen DWZ-Sprung um 132 Z\u00e4hler auf 1365 gemacht. In dieser nun deutlich st\u00e4rkeren Gruppe holte er 1,5 Punkte und best\u00e4tigte damit sein Spielniveau. Allen Gewinnern Herzlichen Gl\u00fcckwunsch!<\/p>\n<p>Einen ausf\u00fchrlichen Bericht sowie alle Tabellen und Fotos gibt es in den kommenden Tagen auf der Turnierseite www.chessimo-pokalturniere.de<br \/>\n<a href=\"http:\/\/www.scv-jugend.de\/wp-content\/uploads\/2016\/09\/IMG_1988.jpg\" rel=\"attachment wp-att-5834\"><img loading=\"lazy\" decoding=\"async\" class=\"alignnone size-medium wp-image-5834\" src=\"http:\/\/www.scv-jugend.de\/wp-content\/uploads\/2016\/09\/IMG_1988-300x224.jpg\" alt=\"IMG_1988\" width=\"300\" height=\"224\" srcset=\"https:\/\/www.scv-jugend.de\/wp-content\/uploads\/2016\/09\/IMG_1988-300x224.jpg 300w, https:\/\/www.scv-jugend.de\/wp-content\/uploads\/2016\/09\/IMG_1988-768x574.jpg 768w, https:\/\/www.scv-jugend.de\/wp-content\/uploads\/2016\/09\/IMG_1988-1024x766.jpg 1024w, https:\/\/www.scv-jugend.de\/wp-content\/uploads\/2016\/09\/IMG_1988-600x449.jpg 600w\" sizes=\"auto, (max-width: 300px) 100vw, 300px\" \/><\/a><a href=\"http:\/\/www.scv-jugend.de\/wp-content\/uploads\/2016\/09\/IMG_1940.jpg\" rel=\"attachment wp-att-5833\"><img loading=\"lazy\" decoding=\"async\" class=\"alignnone size-medium wp-image-5833\" src=\"http:\/\/www.scv-jugend.de\/wp-content\/uploads\/2016\/09\/IMG_1940-300x191.jpg\" alt=\"IMG_1940\" width=\"300\" height=\"191\" srcset=\"https:\/\/www.scv-jugend.de\/wp-content\/uploads\/2016\/09\/IMG_1940-300x191.jpg 300w, https:\/\/www.scv-jugend.de\/wp-content\/uploads\/2016\/09\/IMG_1940-768x490.jpg 768w, https:\/\/www.scv-jugend.de\/wp-content\/uploads\/2016\/09\/IMG_1940-1024x653.jpg 1024w, https:\/\/www.scv-jugend.de\/wp-content\/uploads\/2016\/09\/IMG_1940-600x383.jpg 600w\" sizes=\"auto, (max-width: 300px) 100vw, 300px\" \/><\/a><a href=\"http:\/\/www.scv-jugend.de\/wp-content\/uploads\/2016\/09\/IMG_1872.jpg\" rel=\"attachment wp-att-5832\"><img loading=\"lazy\" decoding=\"async\" class=\"alignnone size-medium wp-image-5832\" src=\"http:\/\/www.scv-jugend.de\/wp-content\/uploads\/2016\/09\/IMG_1872-300x234.jpg\" alt=\"IMG_1872\" width=\"300\" height=\"234\" srcset=\"https:\/\/www.scv-jugend.de\/wp-content\/uploads\/2016\/09\/IMG_1872-300x234.jpg 300w, https:\/\/www.scv-jugend.de\/wp-content\/uploads\/2016\/09\/IMG_1872-768x598.jpg 768w, https:\/\/www.scv-jugend.de\/wp-content\/uploads\/2016\/09\/IMG_1872-1024x798.jpg 1024w, https:\/\/www.scv-jugend.de\/wp-content\/uploads\/2016\/09\/IMG_1872-600x467.jpg 600w\" sizes=\"auto, (max-width: 300px) 100vw, 300px\" \/><\/a><\/p>\n","protected":false},"excerpt":{"rendered":"<p>Bei traumhaftem Wetter fand gestern das 6. Chessimo Turnier im Gymnasium Vaterstetten statt. Insgesamt 101 Teilnehmer gingen in den Altersklassen U8, U10 und U12 sowie in 12 Amateur-Gruppen an den Start. Mit dabei waren auch 14 Teilnehmer des SC Vaterstetten-Grasbrunn. &#8230; <a class=\"more-link\" href=\"https:\/\/www.scv-jugend.de\/?p=5829\">Read More &raquo;<\/a><\/p>\n","protected":false},"author":11,"featured_media":0,"comment_status":"closed","ping_status":"closed","sticky":false,"template":"","format":"standard","meta":{"footnotes":""},"categories":[24,4],"tags":[],"class_list":["post-5829","post","type-post","status-publish","format-standard","hentry","category-turniere","category-13-turniere-scv"],"_links":{"self":[{"href":"https:\/\/www.scv-jugend.de\/index.php?rest_route=\/wp\/v2\/posts\/5829","targetHints":{"allow":["GET"]}}],"collection":[{"href":"https:\/\/www.scv-jugend.de\/index.php?rest_route=\/wp\/v2\/posts"}],"about":[{"href":"https:\/\/www.scv-jugend.de\/index.php?rest_route=\/wp\/v2\/types\/post"}],"author":[{"embeddable":true,"href":"https:\/\/www.scv-jugend.de\/index.php?rest_route=\/wp\/v2\/users\/11"}],"replies":[{"embeddable":true,"href":"https:\/\/www.scv-jugend.de\/index.php?rest_route=%2Fwp%2Fv2%2Fcomments&post=5829"}],"version-history":[{"count":3,"href":"https:\/\/www.scv-jugend.de\/index.php?rest_route=\/wp\/v2\/posts\/5829\/revisions"}],"predecessor-version":[{"id":5836,"href":"https:\/\/www.scv-jugend.de\/index.php?rest_route=\/wp\/v2\/posts\/5829\/revisions\/5836"}],"wp:attachment":[{"href":"https:\/\/www.scv-jugend.de\/index.php?rest_route=%2Fwp%2Fv2%2Fmedia&parent=5829"}],"wp:term":[{"taxonomy":"category","embeddable":true,"href":"https:\/\/www.scv-jugend.de\/index.php?rest_route=%2Fwp%2Fv2%2Fcategories&post=5829"},{"taxonomy":"post_tag","embeddable":true,"href":"https:\/\/www.scv-jugend.de\/index.php?rest_route=%2Fwp%2Fv2%2Ftags&post=5829"}],"curies":[{"name":"wp","href":"https:\/\/api.w.org\/{rel}","templated":true}]}}