{"id":5772,"date":"2016-09-14T07:39:16","date_gmt":"2016-09-14T05:39:16","guid":{"rendered":"http:\/\/www.scv-jugend.de\/?p=5772"},"modified":"2016-09-15T16:51:09","modified_gmt":"2016-09-15T14:51:09","slug":"jugend-termine-training-grillen-chessimo","status":"publish","type":"post","link":"https:\/\/www.scv-jugend.de\/?p=5772","title":{"rendered":"Jugend-Termine: Training \/ Grillen \/ Chessimo"},"content":{"rendered":"<p>Liebe Schachfreunde,<br \/>\nam Freitag, 16. September startet das Jugend-Training. Beginn ist wie immer um 16.15 Uhr im Pfarrsaal in Neukeferloh.<br \/>\nDie erste Trainings-Schicht dauert bis 17.45 Uhr. Von 17.45 bis 19.15 Uhr trainieren dann die \u00e4lteren bzw. die, die sich in Doodle f\u00fcr den sp\u00e4teren Termin eingetragen haben.<br \/>\nWer sich noch nicht eingetragen hat, kann das hier noch nachholen:<br \/>\nhttp:\/\/doodle.com\/poll\/93abcq64k2k44gbk<br \/>\nIn den ersten beiden Wochen werden wir die Gruppen noch recht flexibel handhaben, anschlie\u00dfend m\u00f6chten wir aber zu festen Trainingsgruppen \u00fcbergeben.<br \/>\nAm Samstag, 24. September, 18.00 Uhr, laden wir alle Kinder und Jugendlichen samt Eltern zum Grillabend in den Pfarrsaal Neukeferloh ein. F\u00fcr die Kindern bietet der Grillabend Gelegenheit sich von unserem letztj\u00e4hrigen FSJler Johannes Rieder zu verabschieden und unseren neuen FSJler Kenneth Nahnsen kennen zu lernen. Wie beim letzten Grillen bitten wir alle ihr Grillgut sowie einen Salat \/ Brot \/ Nachtisch mitzubringen und auf Doodle anzugeben, mit wie vielen Personen (Zahl hinter dem Namen, z. B. Anton Kawelke, 2) man kommt. Getr\u00e4nke stellt der Verein.<\/p>\n<p><a href=\"http:\/\/doodle.com\/poll\/zapnecpczb37gufh\">http:\/\/doodle.com\/poll\/zapnecpczb37gufh<\/a><\/p>\n<p>Am Sonntag, 25. September, findet dann im Gymnasium Vaterstetten ein Chessimo-Pokalturnier statt. Das Turnier ist f\u00fcr alle Kinder und Jugendlichen, die bereits eine Partie mitschreiben k\u00f6nnen, geeignet. Wir bitten um Voranmeldung:<br \/>\nhttp:\/\/www.chessimo-pokalturniere.de\/index.php\/25-sep-2016-vaterstetten\/voranmeldungen<br \/>\nVereinsmitglieder zahlen kein Startgeld!<\/p>\n","protected":false},"excerpt":{"rendered":"<p>Liebe Schachfreunde, am Freitag, 16. September startet das Jugend-Training. Beginn ist wie immer um 16.15 Uhr im Pfarrsaal in Neukeferloh. Die erste Trainings-Schicht dauert bis 17.45 Uhr. Von 17.45 bis 19.15 Uhr trainieren dann die \u00e4lteren bzw. die, die sich &#8230; <a class=\"more-link\" href=\"https:\/\/www.scv-jugend.de\/?p=5772\">Read More &raquo;<\/a><\/p>\n","protected":false},"author":11,"featured_media":0,"comment_status":"closed","ping_status":"closed","sticky":false,"template":"","format":"standard","meta":{"footnotes":""},"categories":[5,30,4],"tags":[],"class_list":["post-5772","post","type-post","status-publish","format-standard","hentry","category-14-scv-t-e-r-m-i-n-e-adressen","category-training","category-13-turniere-scv"],"_links":{"self":[{"href":"https:\/\/www.scv-jugend.de\/index.php?rest_route=\/wp\/v2\/posts\/5772","targetHints":{"allow":["GET"]}}],"collection":[{"href":"https:\/\/www.scv-jugend.de\/index.php?rest_route=\/wp\/v2\/posts"}],"about":[{"href":"https:\/\/www.scv-jugend.de\/index.php?rest_route=\/wp\/v2\/types\/post"}],"author":[{"embeddable":true,"href":"https:\/\/www.scv-jugend.de\/index.php?rest_route=\/wp\/v2\/users\/11"}],"replies":[{"embeddable":true,"href":"https:\/\/www.scv-jugend.de\/index.php?rest_route=%2Fwp%2Fv2%2Fcomments&post=5772"}],"version-history":[{"count":5,"href":"https:\/\/www.scv-jugend.de\/index.php?rest_route=\/wp\/v2\/posts\/5772\/revisions"}],"predecessor-version":[{"id":5798,"href":"https:\/\/www.scv-jugend.de\/index.php?rest_route=\/wp\/v2\/posts\/5772\/revisions\/5798"}],"wp:attachment":[{"href":"https:\/\/www.scv-jugend.de\/index.php?rest_route=%2Fwp%2Fv2%2Fmedia&parent=5772"}],"wp:term":[{"taxonomy":"category","embeddable":true,"href":"https:\/\/www.scv-jugend.de\/index.php?rest_route=%2Fwp%2Fv2%2Fcategories&post=5772"},{"taxonomy":"post_tag","embeddable":true,"href":"https:\/\/www.scv-jugend.de\/index.php?rest_route=%2Fwp%2Fv2%2Ftags&post=5772"}],"curies":[{"name":"wp","href":"https:\/\/api.w.org\/{rel}","templated":true}]}}