{"id":5741,"date":"2016-08-28T20:28:42","date_gmt":"2016-08-28T18:28:42","guid":{"rendered":"http:\/\/www.scv-jugend.de\/?p=5741"},"modified":"2016-08-28T20:28:42","modified_gmt":"2016-08-28T18:28:42","slug":"trainingszeiten-201617","status":"publish","type":"post","link":"https:\/\/www.scv-jugend.de\/?p=5741","title":{"rendered":"Trainingszeiten 2016\/17"},"content":{"rendered":"<p>Liebe Schachfreunde,<\/p>\n<p>ab September haben wir zus\u00e4tzlich auch am Montag von 16.00 bis 17.30 und von 17.30 bis 19.00 Uhr die M\u00f6glichkeit im GSD-Seniorenwohnheim (Fasanenstra\u00dfe 24 \u00b7 85591 Vaterstetten) zwei Trainingseinheiten anzubieten. Am Freitag bieten wir wie gehabt von 16.15 bis 17.45 und von 17.45 bis 19.15 Uhr Training im Pfarrsaal in Neukeferloh (Saarlandstr. 10, Neukeferloh) an.<\/p>\n<p>Wir w\u00e4ren sehr dankbar, wenn alle interessierten Kinder und Jugendlichen an der Doodle-Umfrage teilnehmen, um absch\u00e4tzen zu k\u00f6nnen, wann wie viele Trainer gebraucht werden und wie wir die Gruppen einteilen k\u00f6nnen. Bitte kreuzt alle Termine an zu denen Ihr k\u00f6nnt. Gerne k\u00f6nnt Ihr auch eine E-Mail an jugendleiter@scv-jugend.de und vorstand@scv-jugend.de (bitte an beide E-Mails cc ) senden und W\u00fcnsche \u00e4u\u00dfern, falls Ihr mit einem Freund\/Freundin in einer Trainingsgruppe sein wollt. Wir versuchen das bei der Planung zu ber\u00fccksichtigen.<\/p>\n<p>Hier geht es zur Doodle-Umfrage:<\/p>\n<p><a href=\"http:\/\/doodle.com\/poll\/93abcq64k2k44gbk\">http:\/\/doodle.com\/poll\/93abcq64k2k44gbk<\/a><\/p>\n<p>F\u00fcr ganz Flei\u00dfige gibt es zudem die Option &#8222;2 Trainingseinheiten&#8220;. Wer diesen Wunsch \u00e4u\u00dfert, den planen wir am Montag und am Freitag in eine Trainingsgruppe ein.<\/p>\n<p>Das erste Training findet am Freitag, 16. September, statt.<\/p>\n<p>Noch zwei sch\u00f6ne Ferienwochen w\u00fcnschen<\/p>\n<p>Anton Kawelke &amp; Matthias Schmitt<\/p>\n","protected":false},"excerpt":{"rendered":"<p>Liebe Schachfreunde, ab September haben wir zus\u00e4tzlich auch am Montag von 16.00 bis 17.30 und von 17.30 bis 19.00 Uhr die M\u00f6glichkeit im GSD-Seniorenwohnheim (Fasanenstra\u00dfe 24 \u00b7 85591 Vaterstetten) zwei Trainingseinheiten anzubieten. Am Freitag bieten wir wie gehabt von 16.15 &#8230; <a class=\"more-link\" href=\"https:\/\/www.scv-jugend.de\/?p=5741\">Read More &raquo;<\/a><\/p>\n","protected":false},"author":11,"featured_media":0,"comment_status":"closed","ping_status":"closed","sticky":false,"template":"","format":"standard","meta":{"footnotes":""},"categories":[30],"tags":[],"class_list":["post-5741","post","type-post","status-publish","format-standard","hentry","category-training"],"_links":{"self":[{"href":"https:\/\/www.scv-jugend.de\/index.php?rest_route=\/wp\/v2\/posts\/5741","targetHints":{"allow":["GET"]}}],"collection":[{"href":"https:\/\/www.scv-jugend.de\/index.php?rest_route=\/wp\/v2\/posts"}],"about":[{"href":"https:\/\/www.scv-jugend.de\/index.php?rest_route=\/wp\/v2\/types\/post"}],"author":[{"embeddable":true,"href":"https:\/\/www.scv-jugend.de\/index.php?rest_route=\/wp\/v2\/users\/11"}],"replies":[{"embeddable":true,"href":"https:\/\/www.scv-jugend.de\/index.php?rest_route=%2Fwp%2Fv2%2Fcomments&post=5741"}],"version-history":[{"count":2,"href":"https:\/\/www.scv-jugend.de\/index.php?rest_route=\/wp\/v2\/posts\/5741\/revisions"}],"predecessor-version":[{"id":5753,"href":"https:\/\/www.scv-jugend.de\/index.php?rest_route=\/wp\/v2\/posts\/5741\/revisions\/5753"}],"wp:attachment":[{"href":"https:\/\/www.scv-jugend.de\/index.php?rest_route=%2Fwp%2Fv2%2Fmedia&parent=5741"}],"wp:term":[{"taxonomy":"category","embeddable":true,"href":"https:\/\/www.scv-jugend.de\/index.php?rest_route=%2Fwp%2Fv2%2Fcategories&post=5741"},{"taxonomy":"post_tag","embeddable":true,"href":"https:\/\/www.scv-jugend.de\/index.php?rest_route=%2Fwp%2Fv2%2Ftags&post=5741"}],"curies":[{"name":"wp","href":"https:\/\/api.w.org\/{rel}","templated":true}]}}